{"id":545641,"date":"2026-09-02T18:05:10","date_gmt":"2026-09-02T18:05:10","guid":{"rendered":"https:\/\/livelycity.com\/switzerland\/kurzmeldungen-news-aus-zurich-junge-grune-fordern-rucktritt-zweier-gruner-kantonsrate-weil-sie-fur-kopftuchverbot-an-schulen-stimmten\/"},"modified":"2026-09-02T18:05:10","modified_gmt":"2026-09-02T18:05:10","slug":"kurzmeldungen-news-aus-zurich-junge-grune-fordern-rucktritt-zweier-gruner-kantonsrate-weil-sie-fur-kopftuchverbot-an-schulen-stimmten","status":"publish","type":"post","link":"https:\/\/livelycity.com\/switzerland\/kurzmeldungen-news-aus-zurich-junge-grune-fordern-rucktritt-zweier-gruner-kantonsrate-weil-sie-fur-kopftuchverbot-an-schulen-stimmten\/","title":{"rendered":"KURZMELDUNGEN &#8211; News aus Z\u00fcrich: Junge Gr\u00fcne fordern R\u00fccktritt zweier gr\u00fcner Kantonsr\u00e4te \u2013 weil sie f\u00fcr Kopftuchverbot an Schulen stimmten"},"content":{"rendered":"<p>Die neuesten Meldungen aus dem Kanton.<\/p>\n<p><a href=\"https:\/\/www.nzz.ch\/zuerich\/news-aus-zuerich-junge-gruene-fordern-ruecktritt-zweier-gruener-kantonsraete-weil-sie-fuer-kopftuchverbot-an-schulen-stimmten-ld.10022179\" target=\"_blank\" class=\"\">https:\/\/www.nzz.ch\/zuerich\/news-aus-zuerich-junge-gruene-fordern-ruecktritt-zweier-gruener-kantonsraete-weil-sie-fuer-kopftuchverbot-an-schulen-stimmten-ld.10022179<\/a>\u00a0<\/p>\n","protected":false},"excerpt":{"rendered":"<p>Die neuesten Meldungen aus dem Kanton. https:\/\/www.nzz.ch\/zuerich\/news-aus-zuerich-junge-gruene-fordern-ruecktritt-zweier-gruener-kantonsraete-weil-sie-fuer-kopftuchverbot-an-schulen-stimmten-ld.10022179\u00a0<\/p>\n","protected":false},"author":0,"featured_media":545640,"comment_status":"closed","ping_status":"closed","sticky":false,"template":"","format":"standard","meta":{"_jetpack_memberships_contains_paid_content":false,"footnotes":""},"categories":[6],"tags":[],"class_list":["post-545641","post","type-post","status-publish","format-standard","has-post-thumbnail","hentry","category-neue-zurcher-zeitung","wpcat-6-id"],"jetpack_featured_media_url":"https:\/\/livelycity.com\/switzerland\/wp-content\/uploads\/2026\/09\/63db639c-97e3-4141-98e9-efb6516ec5df-Q0N1Qw.jpg","jetpack_sharing_enabled":true,"_links":{"self":[{"href":"https:\/\/livelycity.com\/switzerland\/wp-json\/wp\/v2\/posts\/545641","targetHints":{"allow":["GET"]}}],"collection":[{"href":"https:\/\/livelycity.com\/switzerland\/wp-json\/wp\/v2\/posts"}],"about":[{"href":"https:\/\/livelycity.com\/switzerland\/wp-json\/wp\/v2\/types\/post"}],"replies":[{"embeddable":true,"href":"https:\/\/livelycity.com\/switzerland\/wp-json\/wp\/v2\/comments?post=545641"}],"version-history":[{"count":0,"href":"https:\/\/livelycity.com\/switzerland\/wp-json\/wp\/v2\/posts\/545641\/revisions"}],"wp:featuredmedia":[{"embeddable":true,"href":"https:\/\/livelycity.com\/switzerland\/wp-json\/wp\/v2\/media\/545640"}],"wp:attachment":[{"href":"https:\/\/livelycity.com\/switzerland\/wp-json\/wp\/v2\/media?parent=545641"}],"wp:term":[{"taxonomy":"category","embeddable":true,"href":"https:\/\/livelycity.com\/switzerland\/wp-json\/wp\/v2\/categories?post=545641"},{"taxonomy":"post_tag","embeddable":true,"href":"https:\/\/livelycity.com\/switzerland\/wp-json\/wp\/v2\/tags?post=545641"}],"curies":[{"name":"wp","href":"https:\/\/api.w.org\/{rel}","templated":true}]}}