{"id":545638,"date":"2026-09-02T15:49:51","date_gmt":"2026-09-02T15:49:51","guid":{"rendered":"https:\/\/livelycity.com\/switzerland\/tanzende-celine-dion-sangerin-geniesst-moment-mit-ihren-fans\/"},"modified":"2026-09-02T15:49:51","modified_gmt":"2026-09-02T15:49:51","slug":"tanzende-celine-dion-sangerin-geniesst-moment-mit-ihren-fans","status":"publish","type":"post","link":"https:\/\/livelycity.com\/switzerland\/tanzende-celine-dion-sangerin-geniesst-moment-mit-ihren-fans\/","title":{"rendered":"Tanzende C\u00e9line Dion: S\u00e4ngerin geniesst Moment mit ihren Fans"},"content":{"rendered":"<p>S\u00e4ngerin C\u00e9line Dion (58) genoss am Dienstagabend einen Moment mit ihren Fans. Vor ihrem Pariser Hotel \u00abRoyal Monceau\u00bb sang sie mit ihnen ihren franz\u00f6sischen Hit \u00abPour que tu m\u2019aimes encore\u00bb. <a href=\"https:\/\/20min.ch\/103625354\">Es ist einer ihrer<\/a> bekanntesten  franz\u00f6sischsprachigen Songs.<\/p>\n<p>Am 12. September startet in <a href=\"https:\/\/20min.ch\/103538951\">Paris ihre f\u00fcnfw\u00f6chige Konzertresidenz<\/a> in der Plenitude Arena. Insgesamt spielt sie 16 Shows. Die Konzerte markieren einen wichtigen Schritt bei ihrer R\u00fcckkehr auf die B\u00fchne. Sie zog sich wegen des Stiff-Person-Syndroms, einer seltenen neurologischen Erkrankung, von Tourneen zur\u00fcck. Die Erkrankung machte sie 2022 \u00f6ffentlich. <\/p>\n<p><em>Das Video stammt vom User @guillaum_b. Es wurde von der Agentur AP \u00fcbernommen und gepr\u00fcft. Die Details zu ihrem Verifizierungsprozess sind <a target=\"_blank\" href=\"https:\/\/www.ap.org\/solutions\/verification-at-ap\/\">hier aufgef\u00fchrt<\/a> (auf Englisch).<\/em><\/p>\n<p><a href=\"https:\/\/www.20min.ch\/video\/paris-tanzende-celine-dion-saengerin-geniesst-moment-mit-ihren-fans-103626446\" target=\"_blank\" class=\"\">https:\/\/www.20min.ch\/video\/paris-tanzende-celine-dion-saengerin-geniesst-moment-mit-ihren-fans-103626446<\/a>\u00a0<\/p>\n","protected":false},"excerpt":{"rendered":"<p>S\u00e4ngerin C\u00e9line Dion (58) genoss am Dienstagabend einen Moment mit ihren Fans. Vor ihrem Pariser Hotel \u00abRoyal Monceau\u00bb sang sie mit ihnen ihren franz\u00f6sischen Hit&#8230;<\/p>\n","protected":false},"author":0,"featured_media":545588,"comment_status":"closed","ping_status":"closed","sticky":false,"template":"","format":"standard","meta":{"_jetpack_memberships_contains_paid_content":false,"footnotes":""},"categories":[3],"tags":[],"class_list":["post-545638","post","type-post","status-publish","format-standard","has-post-thumbnail","hentry","category-20-minuten","wpcat-3-id"],"jetpack_featured_media_url":"https:\/\/livelycity.com\/switzerland\/wp-content\/uploads\/2026\/09\/034ee7a6-38e1-4753-9863-a9834502d10f-PHg1OS.jpg","jetpack_sharing_enabled":true,"_links":{"self":[{"href":"https:\/\/livelycity.com\/switzerland\/wp-json\/wp\/v2\/posts\/545638","targetHints":{"allow":["GET"]}}],"collection":[{"href":"https:\/\/livelycity.com\/switzerland\/wp-json\/wp\/v2\/posts"}],"about":[{"href":"https:\/\/livelycity.com\/switzerland\/wp-json\/wp\/v2\/types\/post"}],"replies":[{"embeddable":true,"href":"https:\/\/livelycity.com\/switzerland\/wp-json\/wp\/v2\/comments?post=545638"}],"version-history":[{"count":0,"href":"https:\/\/livelycity.com\/switzerland\/wp-json\/wp\/v2\/posts\/545638\/revisions"}],"wp:featuredmedia":[{"embeddable":true,"href":"https:\/\/livelycity.com\/switzerland\/wp-json\/wp\/v2\/media\/545588"}],"wp:attachment":[{"href":"https:\/\/livelycity.com\/switzerland\/wp-json\/wp\/v2\/media?parent=545638"}],"wp:term":[{"taxonomy":"category","embeddable":true,"href":"https:\/\/livelycity.com\/switzerland\/wp-json\/wp\/v2\/categories?post=545638"},{"taxonomy":"post_tag","embeddable":true,"href":"https:\/\/livelycity.com\/switzerland\/wp-json\/wp\/v2\/tags?post=545638"}],"curies":[{"name":"wp","href":"https:\/\/api.w.org\/{rel}","templated":true}]}}