{"id":545636,"date":"2026-09-02T15:43:54","date_gmt":"2026-09-02T15:43:54","guid":{"rendered":"https:\/\/livelycity.com\/switzerland\/schweizer-geschaftsmann-erschossen-polizei-fasst-3-personen\/"},"modified":"2026-09-02T15:43:54","modified_gmt":"2026-09-02T15:43:54","slug":"schweizer-geschaftsmann-erschossen-polizei-fasst-3-personen","status":"publish","type":"post","link":"https:\/\/livelycity.com\/switzerland\/schweizer-geschaftsmann-erschossen-polizei-fasst-3-personen\/","title":{"rendered":"Schweizer Gesch\u00e4ftsmann erschossen: Polizei fasst 3 Personen"},"content":{"rendered":"<p>Der Schweizer Miguel Gonz\u00e1lez wurde im April in Panama-Stadt von f\u00fcnf Sch\u00fcssen t\u00f6dlich getroffen. Nun hat die Polizei zwei M\u00e4nner und eine Frau festgenommen.<\/p>\n<p><a href=\"https:\/\/www.20min.ch\/story\/panama-schweizer-geschaeftsmann-erschossen-polizei-fasst-3-personen-103626497\" target=\"_blank\" class=\"\">https:\/\/www.20min.ch\/story\/panama-schweizer-geschaeftsmann-erschossen-polizei-fasst-3-personen-103626497<\/a>\u00a0<\/p>\n","protected":false},"excerpt":{"rendered":"<p>Der Schweizer Miguel Gonz\u00e1lez wurde im April in Panama-Stadt von f\u00fcnf Sch\u00fcssen t\u00f6dlich getroffen. Nun hat die Polizei zwei M\u00e4nner und eine Frau festgenommen. https:\/\/www.20min.ch\/story\/panama-schweizer-geschaeftsmann-erschossen-polizei-fasst-3-personen-103626497\u00a0<\/p>\n","protected":false},"author":0,"featured_media":545586,"comment_status":"closed","ping_status":"closed","sticky":false,"template":"","format":"standard","meta":{"_jetpack_memberships_contains_paid_content":false,"footnotes":""},"categories":[3],"tags":[],"class_list":["post-545636","post","type-post","status-publish","format-standard","has-post-thumbnail","hentry","category-20-minuten","wpcat-3-id"],"jetpack_featured_media_url":"https:\/\/livelycity.com\/switzerland\/wp-content\/uploads\/2026\/09\/a563bd60-9ba2-444f-9af9-e04c5d1a3831-M1p57g.jpg","jetpack_sharing_enabled":true,"_links":{"self":[{"href":"https:\/\/livelycity.com\/switzerland\/wp-json\/wp\/v2\/posts\/545636","targetHints":{"allow":["GET"]}}],"collection":[{"href":"https:\/\/livelycity.com\/switzerland\/wp-json\/wp\/v2\/posts"}],"about":[{"href":"https:\/\/livelycity.com\/switzerland\/wp-json\/wp\/v2\/types\/post"}],"replies":[{"embeddable":true,"href":"https:\/\/livelycity.com\/switzerland\/wp-json\/wp\/v2\/comments?post=545636"}],"version-history":[{"count":0,"href":"https:\/\/livelycity.com\/switzerland\/wp-json\/wp\/v2\/posts\/545636\/revisions"}],"wp:featuredmedia":[{"embeddable":true,"href":"https:\/\/livelycity.com\/switzerland\/wp-json\/wp\/v2\/media\/545586"}],"wp:attachment":[{"href":"https:\/\/livelycity.com\/switzerland\/wp-json\/wp\/v2\/media?parent=545636"}],"wp:term":[{"taxonomy":"category","embeddable":true,"href":"https:\/\/livelycity.com\/switzerland\/wp-json\/wp\/v2\/categories?post=545636"},{"taxonomy":"post_tag","embeddable":true,"href":"https:\/\/livelycity.com\/switzerland\/wp-json\/wp\/v2\/tags?post=545636"}],"curies":[{"name":"wp","href":"https:\/\/api.w.org\/{rel}","templated":true}]}}