{"id":545610,"date":"2026-09-02T14:33:13","date_gmt":"2026-09-02T14:33:13","guid":{"rendered":"https:\/\/livelycity.com\/switzerland\/kakaopreise-lindt-sprungli-streicht-ski-weekend-furs-personal\/"},"modified":"2026-09-02T14:33:13","modified_gmt":"2026-09-02T14:33:13","slug":"kakaopreise-lindt-sprungli-streicht-ski-weekend-furs-personal","status":"publish","type":"post","link":"https:\/\/livelycity.com\/switzerland\/kakaopreise-lindt-sprungli-streicht-ski-weekend-furs-personal\/","title":{"rendered":"Kakaopreise: Lindt &amp; Spr\u00fcngli streicht Ski-Weekend f\u00fcrs Personal"},"content":{"rendered":"<p>Der Schoggiproduzent setzt zum Rotstift an. Laut einem Bericht f\u00e4llt auch das Weihnachtsessen aus. K\u00fcndigungen sind zumindest aktuell noch nicht geplant.<\/p>\n<p><a href=\"https:\/\/www.20min.ch\/story\/sparkurs-kakaopreise-lindt-spruengli-streicht-ski-weekend-fuers-personal-103626325\" target=\"_blank\" class=\"\">https:\/\/www.20min.ch\/story\/sparkurs-kakaopreise-lindt-spruengli-streicht-ski-weekend-fuers-personal-103626325<\/a>\u00a0<\/p>\n","protected":false},"excerpt":{"rendered":"<p>Der Schoggiproduzent setzt zum Rotstift an. Laut einem Bericht f\u00e4llt auch das Weihnachtsessen aus. K\u00fcndigungen sind zumindest aktuell noch nicht geplant. https:\/\/www.20min.ch\/story\/sparkurs-kakaopreise-lindt-spruengli-streicht-ski-weekend-fuers-personal-103626325\u00a0<\/p>\n","protected":false},"author":0,"featured_media":545558,"comment_status":"closed","ping_status":"closed","sticky":false,"template":"","format":"standard","meta":{"_jetpack_memberships_contains_paid_content":false,"footnotes":""},"categories":[3],"tags":[],"class_list":["post-545610","post","type-post","status-publish","format-standard","has-post-thumbnail","hentry","category-20-minuten","wpcat-3-id"],"jetpack_featured_media_url":"https:\/\/livelycity.com\/switzerland\/wp-content\/uploads\/2026\/09\/e1d1e2ef-7659-4ecc-92ac-3e17a3cb2a0d-fOQn4t-scaled.jpg","jetpack_sharing_enabled":true,"_links":{"self":[{"href":"https:\/\/livelycity.com\/switzerland\/wp-json\/wp\/v2\/posts\/545610","targetHints":{"allow":["GET"]}}],"collection":[{"href":"https:\/\/livelycity.com\/switzerland\/wp-json\/wp\/v2\/posts"}],"about":[{"href":"https:\/\/livelycity.com\/switzerland\/wp-json\/wp\/v2\/types\/post"}],"replies":[{"embeddable":true,"href":"https:\/\/livelycity.com\/switzerland\/wp-json\/wp\/v2\/comments?post=545610"}],"version-history":[{"count":0,"href":"https:\/\/livelycity.com\/switzerland\/wp-json\/wp\/v2\/posts\/545610\/revisions"}],"wp:featuredmedia":[{"embeddable":true,"href":"https:\/\/livelycity.com\/switzerland\/wp-json\/wp\/v2\/media\/545558"}],"wp:attachment":[{"href":"https:\/\/livelycity.com\/switzerland\/wp-json\/wp\/v2\/media?parent=545610"}],"wp:term":[{"taxonomy":"category","embeddable":true,"href":"https:\/\/livelycity.com\/switzerland\/wp-json\/wp\/v2\/categories?post=545610"},{"taxonomy":"post_tag","embeddable":true,"href":"https:\/\/livelycity.com\/switzerland\/wp-json\/wp\/v2\/tags?post=545610"}],"curies":[{"name":"wp","href":"https:\/\/api.w.org\/{rel}","templated":true}]}}