{"id":545578,"date":"2026-09-02T13:27:34","date_gmt":"2026-09-02T13:27:34","guid":{"rendered":"https:\/\/livelycity.com\/switzerland\/fussball-talent-weint-bitterlich-vom-heimclub-verkauft\/"},"modified":"2026-09-02T13:27:34","modified_gmt":"2026-09-02T13:27:34","slug":"fussball-talent-weint-bitterlich-vom-heimclub-verkauft","status":"publish","type":"post","link":"https:\/\/livelycity.com\/switzerland\/fussball-talent-weint-bitterlich-vom-heimclub-verkauft\/","title":{"rendered":"Fussball-Talent weint bitterlich: Vom Heimclub verkauft"},"content":{"rendered":"<p>Tr\u00e4nenreicher Abschied bei Real Betis: Eigengew\u00e4chs Pablo Garc\u00eda verl\u00e4sst seinen Heimclub nach 15 Jahren und wechselt zu Racing Santander. Bei der n\u00e4chtlichen Abfahrt vom Trainingsgel\u00e4nde ist der 20-J\u00e4hrige sichtlich aufgel\u00f6st, er weint. Auch seine Mutter im Auto k\u00e4mpft mit den Emotionen. <\/p>\n<p>Betis hat laut spanischen Medien rund 5,5 Millionen Franken f\u00fcr 50 Prozent seiner Transferrechte erhalten. Garc\u00eda sagt vor dem Abflug gegen\u00fcber spanischen Medien: \u00abEs ist eine sehr schwere Zeit f\u00fcr alle, aber wir m\u00fcssen den Kopf hochhalten und nach vorne schauen. Ich hoffe, zur\u00fcckzukehren, das w\u00fcnschen wir uns alle. Es gab viele Dinge, die ich nicht beeinflussen konnte; ich w\u00fcnschte, alles w\u00e4re so gelaufen, wie wir es uns alle erhofft hatten. Vielen Dank von ganzem Herzen an alle Betis-Fans!\u00bb <\/p>\n<p>F\u00fcr Betis bestritt Garc\u00eda 33 Pflichtspiele und erzielte drei Tore.<\/p>\n<p><a href=\"https:\/\/www.20min.ch\/video\/real-betis-racing-santander-pablo-garcia-transfer-103626260\" target=\"_blank\" class=\"\">https:\/\/www.20min.ch\/video\/real-betis-racing-santander-pablo-garcia-transfer-103626260<\/a>\u00a0<\/p>\n","protected":false},"excerpt":{"rendered":"<p>Tr\u00e4nenreicher Abschied bei Real Betis: Eigengew\u00e4chs Pablo Garc\u00eda verl\u00e4sst seinen Heimclub nach 15 Jahren und wechselt zu Racing Santander. Bei der n\u00e4chtlichen Abfahrt vom Trainingsgel\u00e4nde&#8230;<\/p>\n","protected":false},"author":0,"featured_media":545521,"comment_status":"closed","ping_status":"closed","sticky":false,"template":"","format":"standard","meta":{"_jetpack_memberships_contains_paid_content":false,"footnotes":""},"categories":[3],"tags":[],"class_list":["post-545578","post","type-post","status-publish","format-standard","has-post-thumbnail","hentry","category-20-minuten","wpcat-3-id"],"jetpack_featured_media_url":"https:\/\/livelycity.com\/switzerland\/wp-content\/uploads\/2026\/09\/89a9123d-9665-49bc-ac1e-35dd82514167-sGp6do.jpg","jetpack_sharing_enabled":true,"_links":{"self":[{"href":"https:\/\/livelycity.com\/switzerland\/wp-json\/wp\/v2\/posts\/545578","targetHints":{"allow":["GET"]}}],"collection":[{"href":"https:\/\/livelycity.com\/switzerland\/wp-json\/wp\/v2\/posts"}],"about":[{"href":"https:\/\/livelycity.com\/switzerland\/wp-json\/wp\/v2\/types\/post"}],"replies":[{"embeddable":true,"href":"https:\/\/livelycity.com\/switzerland\/wp-json\/wp\/v2\/comments?post=545578"}],"version-history":[{"count":0,"href":"https:\/\/livelycity.com\/switzerland\/wp-json\/wp\/v2\/posts\/545578\/revisions"}],"wp:featuredmedia":[{"embeddable":true,"href":"https:\/\/livelycity.com\/switzerland\/wp-json\/wp\/v2\/media\/545521"}],"wp:attachment":[{"href":"https:\/\/livelycity.com\/switzerland\/wp-json\/wp\/v2\/media?parent=545578"}],"wp:term":[{"taxonomy":"category","embeddable":true,"href":"https:\/\/livelycity.com\/switzerland\/wp-json\/wp\/v2\/categories?post=545578"},{"taxonomy":"post_tag","embeddable":true,"href":"https:\/\/livelycity.com\/switzerland\/wp-json\/wp\/v2\/tags?post=545578"}],"curies":[{"name":"wp","href":"https:\/\/api.w.org\/{rel}","templated":true}]}}