{"id":545551,"date":"2026-09-02T14:30:00","date_gmt":"2026-09-02T14:30:00","guid":{"rendered":"https:\/\/livelycity.com\/switzerland\/die-leiden-des-verwohnten-prinzen-was-das-drama-um-die-ruckkehr-von-harry-und-meghan-uber-die-briten-und-ihr-verhaltnis-zu-den-royals-aussagt\/"},"modified":"2026-09-02T14:30:00","modified_gmt":"2026-09-02T14:30:00","slug":"die-leiden-des-verwohnten-prinzen-was-das-drama-um-die-ruckkehr-von-harry-und-meghan-uber-die-briten-und-ihr-verhaltnis-zu-den-royals-aussagt","status":"publish","type":"post","link":"https:\/\/livelycity.com\/switzerland\/die-leiden-des-verwohnten-prinzen-was-das-drama-um-die-ruckkehr-von-harry-und-meghan-uber-die-briten-und-ihr-verhaltnis-zu-den-royals-aussagt\/","title":{"rendered":"Die Leiden des verw\u00f6hnten Prinzen: was das Drama um die R\u00fcckkehr von Harry und Meghan \u00fcber die Briten und ihr Verh\u00e4ltnis zu den Royals aussagt"},"content":{"rendered":"<p>Der j\u00fcngste Sohn von K\u00f6nig Charles und seine Frau sind aus den USA nach England zur\u00fcckgekehrt. Die Reaktion der Boulevardzeitungen ist geradezu hysterisch. Zweifellos ist das Verhalten des Prinzen oft widerspr\u00fcchlich \u2013 aber dasjenige der Medien und der Bev\u00f6lkerung ebenso.<\/p>\n<p><a href=\"https:\/\/www.nzz.ch\/international\/prinz-harrys-rueckkehr-was-die-aufregung-ueber-die-britische-gesellschaft-verraet-ld.10021792\" target=\"_blank\" class=\"\">https:\/\/www.nzz.ch\/international\/prinz-harrys-rueckkehr-was-die-aufregung-ueber-die-britische-gesellschaft-verraet-ld.10021792<\/a>\u00a0<\/p>\n","protected":false},"excerpt":{"rendered":"<p>Der j\u00fcngste Sohn von K\u00f6nig Charles und seine Frau sind aus den USA nach England zur\u00fcckgekehrt. Die Reaktion der Boulevardzeitungen ist geradezu hysterisch. Zweifellos ist&#8230;<\/p>\n","protected":false},"author":0,"featured_media":545552,"comment_status":"closed","ping_status":"closed","sticky":false,"template":"","format":"standard","meta":{"_jetpack_memberships_contains_paid_content":false,"footnotes":""},"categories":[6],"tags":[],"class_list":["post-545551","post","type-post","status-publish","format-standard","has-post-thumbnail","hentry","category-neue-zurcher-zeitung","wpcat-6-id"],"jetpack_featured_media_url":"https:\/\/livelycity.com\/switzerland\/wp-content\/uploads\/2026\/09\/0c4d7209-f955-401a-9893-7e21c8bc8911-fyoyDb.jpg","jetpack_sharing_enabled":true,"_links":{"self":[{"href":"https:\/\/livelycity.com\/switzerland\/wp-json\/wp\/v2\/posts\/545551","targetHints":{"allow":["GET"]}}],"collection":[{"href":"https:\/\/livelycity.com\/switzerland\/wp-json\/wp\/v2\/posts"}],"about":[{"href":"https:\/\/livelycity.com\/switzerland\/wp-json\/wp\/v2\/types\/post"}],"replies":[{"embeddable":true,"href":"https:\/\/livelycity.com\/switzerland\/wp-json\/wp\/v2\/comments?post=545551"}],"version-history":[{"count":0,"href":"https:\/\/livelycity.com\/switzerland\/wp-json\/wp\/v2\/posts\/545551\/revisions"}],"wp:featuredmedia":[{"embeddable":true,"href":"https:\/\/livelycity.com\/switzerland\/wp-json\/wp\/v2\/media\/545552"}],"wp:attachment":[{"href":"https:\/\/livelycity.com\/switzerland\/wp-json\/wp\/v2\/media?parent=545551"}],"wp:term":[{"taxonomy":"category","embeddable":true,"href":"https:\/\/livelycity.com\/switzerland\/wp-json\/wp\/v2\/categories?post=545551"},{"taxonomy":"post_tag","embeddable":true,"href":"https:\/\/livelycity.com\/switzerland\/wp-json\/wp\/v2\/tags?post=545551"}],"curies":[{"name":"wp","href":"https:\/\/api.w.org\/{rel}","templated":true}]}}