{"id":545543,"date":"2026-09-02T14:59:06","date_gmt":"2026-09-02T14:59:06","guid":{"rendered":"https:\/\/livelycity.com\/switzerland\/nach-deutschlands-vorwurfen-an-moskau-die-eu-bereitet-neue-sanktionen-vor-zum-ersten-mal-sass-auch-die-schweiz-am-tisch\/"},"modified":"2026-09-02T14:59:06","modified_gmt":"2026-09-02T14:59:06","slug":"nach-deutschlands-vorwurfen-an-moskau-die-eu-bereitet-neue-sanktionen-vor-zum-ersten-mal-sass-auch-die-schweiz-am-tisch","status":"publish","type":"post","link":"https:\/\/livelycity.com\/switzerland\/nach-deutschlands-vorwurfen-an-moskau-die-eu-bereitet-neue-sanktionen-vor-zum-ersten-mal-sass-auch-die-schweiz-am-tisch\/","title":{"rendered":"Nach Deutschlands Vorw\u00fcrfen an Moskau: Die EU bereitet neue Sanktionen vor \u2013 zum ersten Mal sass auch die Schweiz am Tisch"},"content":{"rendered":"<p>Deutschland macht Russland f\u00fcr den Drohnen-Vorfall von Leipzig verantwortlich und erh\u00e4lt dabei viel Unterst\u00fctzung von den EU-Staaten. Die Ukraine w\u00fcnscht sich mehr als Worte.<\/p>\n<p><a href=\"https:\/\/www.nzz.ch\/international\/nach-deutschlands-vorwuerfen-an-moskau-die-eu-bereitet-neue-sanktionen-vor-zum-ersten-mal-sass-auch-die-schweiz-am-tisch-ld.10022079\" target=\"_blank\" class=\"\">https:\/\/www.nzz.ch\/international\/nach-deutschlands-vorwuerfen-an-moskau-die-eu-bereitet-neue-sanktionen-vor-zum-ersten-mal-sass-auch-die-schweiz-am-tisch-ld.10022079<\/a>\u00a0<\/p>\n","protected":false},"excerpt":{"rendered":"<p>Deutschland macht Russland f\u00fcr den Drohnen-Vorfall von Leipzig verantwortlich und erh\u00e4lt dabei viel Unterst\u00fctzung von den EU-Staaten. Die Ukraine w\u00fcnscht sich mehr als Worte. https:\/\/www.nzz.ch\/international\/nach-deutschlands-vorwuerfen-an-moskau-die-eu-bereitet-neue-sanktionen-vor-zum-ersten-mal-sass-auch-die-schweiz-am-tisch-ld.10022079\u00a0<\/p>\n","protected":false},"author":0,"featured_media":545544,"comment_status":"closed","ping_status":"closed","sticky":false,"template":"","format":"standard","meta":{"_jetpack_memberships_contains_paid_content":false,"footnotes":""},"categories":[6],"tags":[],"class_list":["post-545543","post","type-post","status-publish","format-standard","has-post-thumbnail","hentry","category-neue-zurcher-zeitung","wpcat-6-id"],"jetpack_featured_media_url":"https:\/\/livelycity.com\/switzerland\/wp-content\/uploads\/2026\/09\/2f87c52a-e1e8-4f99-a7f6-3a8662b16ba7-08GJJI.jpg","jetpack_sharing_enabled":true,"_links":{"self":[{"href":"https:\/\/livelycity.com\/switzerland\/wp-json\/wp\/v2\/posts\/545543","targetHints":{"allow":["GET"]}}],"collection":[{"href":"https:\/\/livelycity.com\/switzerland\/wp-json\/wp\/v2\/posts"}],"about":[{"href":"https:\/\/livelycity.com\/switzerland\/wp-json\/wp\/v2\/types\/post"}],"replies":[{"embeddable":true,"href":"https:\/\/livelycity.com\/switzerland\/wp-json\/wp\/v2\/comments?post=545543"}],"version-history":[{"count":0,"href":"https:\/\/livelycity.com\/switzerland\/wp-json\/wp\/v2\/posts\/545543\/revisions"}],"wp:featuredmedia":[{"embeddable":true,"href":"https:\/\/livelycity.com\/switzerland\/wp-json\/wp\/v2\/media\/545544"}],"wp:attachment":[{"href":"https:\/\/livelycity.com\/switzerland\/wp-json\/wp\/v2\/media?parent=545543"}],"wp:term":[{"taxonomy":"category","embeddable":true,"href":"https:\/\/livelycity.com\/switzerland\/wp-json\/wp\/v2\/categories?post=545543"},{"taxonomy":"post_tag","embeddable":true,"href":"https:\/\/livelycity.com\/switzerland\/wp-json\/wp\/v2\/tags?post=545543"}],"curies":[{"name":"wp","href":"https:\/\/api.w.org\/{rel}","templated":true}]}}