{"id":545533,"date":"2026-09-02T11:09:01","date_gmt":"2026-09-02T11:09:01","guid":{"rendered":"https:\/\/livelycity.com\/switzerland\/40-schusse-mit-kalaschnikow-an-rave-polizei-spricht-von-amoktat\/"},"modified":"2026-09-02T11:09:01","modified_gmt":"2026-09-02T11:09:01","slug":"40-schusse-mit-kalaschnikow-an-rave-polizei-spricht-von-amoktat","status":"publish","type":"post","link":"https:\/\/livelycity.com\/switzerland\/40-schusse-mit-kalaschnikow-an-rave-polizei-spricht-von-amoktat\/","title":{"rendered":"40 Sch\u00fcsse mit Kalaschnikow an Rave: Polizei spricht von Amoktat"},"content":{"rendered":"<p>Eine 22-J\u00e4hrige stirbt nach Sch\u00fcssen am Aarauer Rave, mehrere Personen wurden verletzt. Ein 43-j\u00e4hriger Schweizer wurde festgenommen. Die Kantonspolizei macht am Mittwochnachmittag weitere Angaben zum Strafverfahren und zum Tatverd\u00e4chtigen.<\/p>\n<p><a href=\"https:\/\/www.20min.ch\/story\/aarau-schuesse-rave-tatverdaechtiger-liveticker-103626192\" target=\"_blank\" class=\"\">https:\/\/www.20min.ch\/story\/aarau-schuesse-rave-tatverdaechtiger-liveticker-103626192<\/a>\u00a0<\/p>\n","protected":false},"excerpt":{"rendered":"<p>Eine 22-J\u00e4hrige stirbt nach Sch\u00fcssen am Aarauer Rave, mehrere Personen wurden verletzt. Ein 43-j\u00e4hriger Schweizer wurde festgenommen. Die Kantonspolizei macht am Mittwochnachmittag weitere Angaben zum&#8230;<\/p>\n","protected":false},"author":0,"featured_media":545492,"comment_status":"closed","ping_status":"closed","sticky":false,"template":"","format":"standard","meta":{"_jetpack_memberships_contains_paid_content":false,"footnotes":""},"categories":[3],"tags":[],"class_list":["post-545533","post","type-post","status-publish","format-standard","has-post-thumbnail","hentry","category-20-minuten","wpcat-3-id"],"jetpack_featured_media_url":"https:\/\/livelycity.com\/switzerland\/wp-content\/uploads\/2026\/09\/3b1db648-4f3f-413e-9648-a3567de8828f-xbdnNl-scaled.jpg","jetpack_sharing_enabled":true,"_links":{"self":[{"href":"https:\/\/livelycity.com\/switzerland\/wp-json\/wp\/v2\/posts\/545533","targetHints":{"allow":["GET"]}}],"collection":[{"href":"https:\/\/livelycity.com\/switzerland\/wp-json\/wp\/v2\/posts"}],"about":[{"href":"https:\/\/livelycity.com\/switzerland\/wp-json\/wp\/v2\/types\/post"}],"replies":[{"embeddable":true,"href":"https:\/\/livelycity.com\/switzerland\/wp-json\/wp\/v2\/comments?post=545533"}],"version-history":[{"count":0,"href":"https:\/\/livelycity.com\/switzerland\/wp-json\/wp\/v2\/posts\/545533\/revisions"}],"wp:featuredmedia":[{"embeddable":true,"href":"https:\/\/livelycity.com\/switzerland\/wp-json\/wp\/v2\/media\/545492"}],"wp:attachment":[{"href":"https:\/\/livelycity.com\/switzerland\/wp-json\/wp\/v2\/media?parent=545533"}],"wp:term":[{"taxonomy":"category","embeddable":true,"href":"https:\/\/livelycity.com\/switzerland\/wp-json\/wp\/v2\/categories?post=545533"},{"taxonomy":"post_tag","embeddable":true,"href":"https:\/\/livelycity.com\/switzerland\/wp-json\/wp\/v2\/tags?post=545533"}],"curies":[{"name":"wp","href":"https:\/\/api.w.org\/{rel}","templated":true}]}}