{"id":545514,"date":"2026-09-02T13:24:22","date_gmt":"2026-09-02T13:24:22","guid":{"rendered":"https:\/\/livelycity.com\/switzerland\/vom-hoffnungstrager-zum-problemfall-nestle-verkauft-vitaminmarken-mit-milliardenverlust\/"},"modified":"2026-09-02T13:24:22","modified_gmt":"2026-09-02T13:24:22","slug":"vom-hoffnungstrager-zum-problemfall-nestle-verkauft-vitaminmarken-mit-milliardenverlust","status":"publish","type":"post","link":"https:\/\/livelycity.com\/switzerland\/vom-hoffnungstrager-zum-problemfall-nestle-verkauft-vitaminmarken-mit-milliardenverlust\/","title":{"rendered":"Vom Hoffnungstr\u00e4ger zum Problemfall: Nestl\u00e9 verkauft Vitaminmarken mit Milliardenverlust"},"content":{"rendered":"<p>Einst verfolgte Nestl\u00e9 hochfliegende Pl\u00e4ne im Gesundheitsgesch\u00e4ft. Der Konzernchef Philipp Navratil dampft sie ein.<\/p>\n<p><a href=\"https:\/\/www.nzz.ch\/wirtschaft\/vom-hoffnungstraeger-zum-problemfall-nestle-verkauft-vitaminmarken-mit-milliardenverlust-ld.10022039\" target=\"_blank\" class=\"\">https:\/\/www.nzz.ch\/wirtschaft\/vom-hoffnungstraeger-zum-problemfall-nestle-verkauft-vitaminmarken-mit-milliardenverlust-ld.10022039<\/a>\u00a0<\/p>\n","protected":false},"excerpt":{"rendered":"<p>Einst verfolgte Nestl\u00e9 hochfliegende Pl\u00e4ne im Gesundheitsgesch\u00e4ft. Der Konzernchef Philipp Navratil dampft sie ein. https:\/\/www.nzz.ch\/wirtschaft\/vom-hoffnungstraeger-zum-problemfall-nestle-verkauft-vitaminmarken-mit-milliardenverlust-ld.10022039\u00a0<\/p>\n","protected":false},"author":0,"featured_media":545515,"comment_status":"closed","ping_status":"closed","sticky":false,"template":"","format":"standard","meta":{"_jetpack_memberships_contains_paid_content":false,"footnotes":""},"categories":[6],"tags":[],"class_list":["post-545514","post","type-post","status-publish","format-standard","has-post-thumbnail","hentry","category-neue-zurcher-zeitung","wpcat-6-id"],"jetpack_featured_media_url":"https:\/\/livelycity.com\/switzerland\/wp-content\/uploads\/2026\/09\/e5b8c283-867a-4142-a2ac-8dbb3e666fa1-CDzJwb.jpg","jetpack_sharing_enabled":true,"_links":{"self":[{"href":"https:\/\/livelycity.com\/switzerland\/wp-json\/wp\/v2\/posts\/545514","targetHints":{"allow":["GET"]}}],"collection":[{"href":"https:\/\/livelycity.com\/switzerland\/wp-json\/wp\/v2\/posts"}],"about":[{"href":"https:\/\/livelycity.com\/switzerland\/wp-json\/wp\/v2\/types\/post"}],"replies":[{"embeddable":true,"href":"https:\/\/livelycity.com\/switzerland\/wp-json\/wp\/v2\/comments?post=545514"}],"version-history":[{"count":0,"href":"https:\/\/livelycity.com\/switzerland\/wp-json\/wp\/v2\/posts\/545514\/revisions"}],"wp:featuredmedia":[{"embeddable":true,"href":"https:\/\/livelycity.com\/switzerland\/wp-json\/wp\/v2\/media\/545515"}],"wp:attachment":[{"href":"https:\/\/livelycity.com\/switzerland\/wp-json\/wp\/v2\/media?parent=545514"}],"wp:term":[{"taxonomy":"category","embeddable":true,"href":"https:\/\/livelycity.com\/switzerland\/wp-json\/wp\/v2\/categories?post=545514"},{"taxonomy":"post_tag","embeddable":true,"href":"https:\/\/livelycity.com\/switzerland\/wp-json\/wp\/v2\/tags?post=545514"}],"curies":[{"name":"wp","href":"https:\/\/api.w.org\/{rel}","templated":true}]}}