{"id":545479,"date":"2026-09-02T06:52:50","date_gmt":"2026-09-02T06:52:50","guid":{"rendered":"https:\/\/livelycity.com\/switzerland\/mysterioser-tod-schweizerin-stirbt-nach-beauty-op-in-der-turkei\/"},"modified":"2026-09-02T06:52:50","modified_gmt":"2026-09-02T06:52:50","slug":"mysterioser-tod-schweizerin-stirbt-nach-beauty-op-in-der-turkei","status":"publish","type":"post","link":"https:\/\/livelycity.com\/switzerland\/mysterioser-tod-schweizerin-stirbt-nach-beauty-op-in-der-turkei\/","title":{"rendered":"Mysteri\u00f6ser Tod: Schweizerin stirbt nach Beauty-OP in der T\u00fcrkei"},"content":{"rendered":"<p>Eine Waadtl\u00e4nderin reist f\u00fcr eine Sch\u00f6nheitsoperation nach Istanbul und stirbt dort unter ungekl\u00e4rten Umst\u00e4nden. Vier Monate sp\u00e4ter hat ihre Familie noch immer keine Antworten.<\/p>\n<p><a href=\"https:\/\/www.20min.ch\/story\/familie-sucht-antworten-mysterioese-umstaende-schweizerin-stirbt-nach-op-in-der-tuerkei-103626129\" target=\"_blank\" class=\"\">https:\/\/www.20min.ch\/story\/familie-sucht-antworten-mysterioese-umstaende-schweizerin-stirbt-nach-op-in-der-tuerkei-103626129<\/a>\u00a0<\/p>\n","protected":false},"excerpt":{"rendered":"<p>Eine Waadtl\u00e4nderin reist f\u00fcr eine Sch\u00f6nheitsoperation nach Istanbul und stirbt dort unter ungekl\u00e4rten Umst\u00e4nden. Vier Monate sp\u00e4ter hat ihre Familie noch immer keine Antworten. https:\/\/www.20min.ch\/story\/familie-sucht-antworten-mysterioese-umstaende-schweizerin-stirbt-nach-op-in-der-tuerkei-103626129\u00a0<\/p>\n","protected":false},"author":0,"featured_media":545314,"comment_status":"closed","ping_status":"closed","sticky":false,"template":"","format":"standard","meta":{"_jetpack_memberships_contains_paid_content":false,"footnotes":""},"categories":[3],"tags":[],"class_list":["post-545479","post","type-post","status-publish","format-standard","has-post-thumbnail","hentry","category-20-minuten","wpcat-3-id"],"jetpack_featured_media_url":"https:\/\/livelycity.com\/switzerland\/wp-content\/uploads\/2026\/09\/69bb9faf-cb91-441a-804b-1f14dddd24dd-ermacI.avif","jetpack_sharing_enabled":true,"_links":{"self":[{"href":"https:\/\/livelycity.com\/switzerland\/wp-json\/wp\/v2\/posts\/545479","targetHints":{"allow":["GET"]}}],"collection":[{"href":"https:\/\/livelycity.com\/switzerland\/wp-json\/wp\/v2\/posts"}],"about":[{"href":"https:\/\/livelycity.com\/switzerland\/wp-json\/wp\/v2\/types\/post"}],"replies":[{"embeddable":true,"href":"https:\/\/livelycity.com\/switzerland\/wp-json\/wp\/v2\/comments?post=545479"}],"version-history":[{"count":0,"href":"https:\/\/livelycity.com\/switzerland\/wp-json\/wp\/v2\/posts\/545479\/revisions"}],"wp:featuredmedia":[{"embeddable":true,"href":"https:\/\/livelycity.com\/switzerland\/wp-json\/wp\/v2\/media\/545314"}],"wp:attachment":[{"href":"https:\/\/livelycity.com\/switzerland\/wp-json\/wp\/v2\/media?parent=545479"}],"wp:term":[{"taxonomy":"category","embeddable":true,"href":"https:\/\/livelycity.com\/switzerland\/wp-json\/wp\/v2\/categories?post=545479"},{"taxonomy":"post_tag","embeddable":true,"href":"https:\/\/livelycity.com\/switzerland\/wp-json\/wp\/v2\/tags?post=545479"}],"curies":[{"name":"wp","href":"https:\/\/api.w.org\/{rel}","templated":true}]}}