{"id":545420,"date":"2026-09-02T02:52:10","date_gmt":"2026-09-02T02:52:10","guid":{"rendered":"https:\/\/livelycity.com\/switzerland\/beruhrt-mich-sehr-uber-195000-franken-fur-bauer-gesammelt\/"},"modified":"2026-09-02T02:52:10","modified_gmt":"2026-09-02T02:52:10","slug":"beruhrt-mich-sehr-uber-195000-franken-fur-bauer-gesammelt","status":"publish","type":"post","link":"https:\/\/livelycity.com\/switzerland\/beruhrt-mich-sehr-uber-195000-franken-fur-bauer-gesammelt\/","title":{"rendered":"\u00abBer\u00fchrt mich sehr\u00bb: \u00dcber 195\u2019000 Franken f\u00fcr Bauer gesammelt"},"content":{"rendered":"<p>Nach dem Hagel-Totalschaden auf seinem Hof k\u00e4mpft Bauer Samuel M\u00fcller um die Existenz seines Betriebs. Eine von Nachbarinnen lancierte Spendenaktion soll ihm nun helfen.<\/p>\n<p><a href=\"https:\/\/www.20min.ch\/story\/ueber-195-000-franken-fuer-hagelgeschaedigten-bauern-samuel-mueller-gesammelt-103625246\" target=\"_blank\" class=\"\">https:\/\/www.20min.ch\/story\/ueber-195-000-franken-fuer-hagelgeschaedigten-bauern-samuel-mueller-gesammelt-103625246<\/a>\u00a0<\/p>\n","protected":false},"excerpt":{"rendered":"<p>Nach dem Hagel-Totalschaden auf seinem Hof k\u00e4mpft Bauer Samuel M\u00fcller um die Existenz seines Betriebs. Eine von Nachbarinnen lancierte Spendenaktion soll ihm nun helfen. https:\/\/www.20min.ch\/story\/ueber-195-000-franken-fuer-hagelgeschaedigten-bauern-samuel-mueller-gesammelt-103625246\u00a0<\/p>\n","protected":false},"author":0,"featured_media":545182,"comment_status":"closed","ping_status":"closed","sticky":false,"template":"","format":"standard","meta":{"_jetpack_memberships_contains_paid_content":false,"footnotes":""},"categories":[3],"tags":[],"class_list":["post-545420","post","type-post","status-publish","format-standard","has-post-thumbnail","hentry","category-20-minuten","wpcat-3-id"],"jetpack_featured_media_url":"https:\/\/livelycity.com\/switzerland\/wp-content\/uploads\/2026\/09\/c1a17ad0-d764-44ef-85f9-1449da30f904-BDDZ3E-scaled.jpg","jetpack_sharing_enabled":true,"_links":{"self":[{"href":"https:\/\/livelycity.com\/switzerland\/wp-json\/wp\/v2\/posts\/545420","targetHints":{"allow":["GET"]}}],"collection":[{"href":"https:\/\/livelycity.com\/switzerland\/wp-json\/wp\/v2\/posts"}],"about":[{"href":"https:\/\/livelycity.com\/switzerland\/wp-json\/wp\/v2\/types\/post"}],"replies":[{"embeddable":true,"href":"https:\/\/livelycity.com\/switzerland\/wp-json\/wp\/v2\/comments?post=545420"}],"version-history":[{"count":0,"href":"https:\/\/livelycity.com\/switzerland\/wp-json\/wp\/v2\/posts\/545420\/revisions"}],"wp:featuredmedia":[{"embeddable":true,"href":"https:\/\/livelycity.com\/switzerland\/wp-json\/wp\/v2\/media\/545182"}],"wp:attachment":[{"href":"https:\/\/livelycity.com\/switzerland\/wp-json\/wp\/v2\/media?parent=545420"}],"wp:term":[{"taxonomy":"category","embeddable":true,"href":"https:\/\/livelycity.com\/switzerland\/wp-json\/wp\/v2\/categories?post=545420"},{"taxonomy":"post_tag","embeddable":true,"href":"https:\/\/livelycity.com\/switzerland\/wp-json\/wp\/v2\/tags?post=545420"}],"curies":[{"name":"wp","href":"https:\/\/api.w.org\/{rel}","templated":true}]}}