{"id":545309,"date":"2026-09-02T05:41:44","date_gmt":"2026-09-02T05:41:44","guid":{"rendered":"https:\/\/livelycity.com\/switzerland\/keine-temu-ware-eurobus-fahrt-mit-erstem-e-reisecar-aus-china\/"},"modified":"2026-09-02T05:41:44","modified_gmt":"2026-09-02T05:41:44","slug":"keine-temu-ware-eurobus-fahrt-mit-erstem-e-reisecar-aus-china","status":"publish","type":"post","link":"https:\/\/livelycity.com\/switzerland\/keine-temu-ware-eurobus-fahrt-mit-erstem-e-reisecar-aus-china\/","title":{"rendered":"\u00abKeine Temu-Ware\u00bb: Eurobus f\u00e4hrt mit erstem E-Reisecar aus China"},"content":{"rendered":"<p>Eurobus nimmt einen vollelektrischen Reisebus der China-Marke Yutong in die Flotte auf. Der Unternehmer Thomas Knecht spricht im Interview \u00fcber die Gr\u00fcnde f\u00fcr die Wahl.<\/p>\n<p><a href=\"https:\/\/www.20min.ch\/story\/yutong-e-reisecar-eurobus-nimmt-ersten-elektrobus-aus-china-in-die-flotte-103625399\" target=\"_blank\" class=\"\">https:\/\/www.20min.ch\/story\/yutong-e-reisecar-eurobus-nimmt-ersten-elektrobus-aus-china-in-die-flotte-103625399<\/a>\u00a0<\/p>\n","protected":false},"excerpt":{"rendered":"<p>Eurobus nimmt einen vollelektrischen Reisebus der China-Marke Yutong in die Flotte auf. Der Unternehmer Thomas Knecht spricht im Interview \u00fcber die Gr\u00fcnde f\u00fcr die Wahl&#8230;.<\/p>\n","protected":false},"author":0,"featured_media":545288,"comment_status":"closed","ping_status":"closed","sticky":false,"template":"","format":"standard","meta":{"_jetpack_memberships_contains_paid_content":false,"footnotes":""},"categories":[3],"tags":[],"class_list":["post-545309","post","type-post","status-publish","format-standard","has-post-thumbnail","hentry","category-20-minuten","wpcat-3-id"],"jetpack_featured_media_url":"https:\/\/livelycity.com\/switzerland\/wp-content\/uploads\/2026\/09\/cb577c23-0e2f-4466-8ce8-92cd4938b4bd-QKy3MX-scaled.jpg","jetpack_sharing_enabled":true,"_links":{"self":[{"href":"https:\/\/livelycity.com\/switzerland\/wp-json\/wp\/v2\/posts\/545309","targetHints":{"allow":["GET"]}}],"collection":[{"href":"https:\/\/livelycity.com\/switzerland\/wp-json\/wp\/v2\/posts"}],"about":[{"href":"https:\/\/livelycity.com\/switzerland\/wp-json\/wp\/v2\/types\/post"}],"replies":[{"embeddable":true,"href":"https:\/\/livelycity.com\/switzerland\/wp-json\/wp\/v2\/comments?post=545309"}],"version-history":[{"count":0,"href":"https:\/\/livelycity.com\/switzerland\/wp-json\/wp\/v2\/posts\/545309\/revisions"}],"wp:featuredmedia":[{"embeddable":true,"href":"https:\/\/livelycity.com\/switzerland\/wp-json\/wp\/v2\/media\/545288"}],"wp:attachment":[{"href":"https:\/\/livelycity.com\/switzerland\/wp-json\/wp\/v2\/media?parent=545309"}],"wp:term":[{"taxonomy":"category","embeddable":true,"href":"https:\/\/livelycity.com\/switzerland\/wp-json\/wp\/v2\/categories?post=545309"},{"taxonomy":"post_tag","embeddable":true,"href":"https:\/\/livelycity.com\/switzerland\/wp-json\/wp\/v2\/tags?post=545309"}],"curies":[{"name":"wp","href":"https:\/\/api.w.org\/{rel}","templated":true}]}}