{"id":545278,"date":"2026-09-02T02:52:37","date_gmt":"2026-09-02T02:52:37","guid":{"rendered":"https:\/\/livelycity.com\/switzerland\/konnen-musikfestivals-die-skigebiete-in-den-alpen-retten\/"},"modified":"2026-09-02T02:52:37","modified_gmt":"2026-09-02T02:52:37","slug":"konnen-musikfestivals-die-skigebiete-in-den-alpen-retten","status":"publish","type":"post","link":"https:\/\/livelycity.com\/switzerland\/konnen-musikfestivals-die-skigebiete-in-den-alpen-retten\/","title":{"rendered":"K\u00f6nnen Musikfestivals die Skigebiete in den Alpen retten?"},"content":{"rendered":"<p>Europas Skigebiete m\u00fcssen sich f\u00fcr eine heissere Zukunft neu erfinden.<\/p>\n<p><a href=\"https:\/\/www.20min.ch\/story\/nach-hitzesommer-koennen-musikfestivals-die-skigebiete-in-den-alpen-retten-103625608\" target=\"_blank\" class=\"\">https:\/\/www.20min.ch\/story\/nach-hitzesommer-koennen-musikfestivals-die-skigebiete-in-den-alpen-retten-103625608<\/a>\u00a0<\/p>\n","protected":false},"excerpt":{"rendered":"<p>Europas Skigebiete m\u00fcssen sich f\u00fcr eine heissere Zukunft neu erfinden. https:\/\/www.20min.ch\/story\/nach-hitzesommer-koennen-musikfestivals-die-skigebiete-in-den-alpen-retten-103625608\u00a0<\/p>\n","protected":false},"author":0,"featured_media":545192,"comment_status":"closed","ping_status":"closed","sticky":false,"template":"","format":"standard","meta":{"_jetpack_memberships_contains_paid_content":false,"footnotes":""},"categories":[3],"tags":[],"class_list":["post-545278","post","type-post","status-publish","format-standard","has-post-thumbnail","hentry","category-20-minuten","wpcat-3-id"],"jetpack_featured_media_url":"https:\/\/livelycity.com\/switzerland\/wp-content\/uploads\/2026\/09\/a57b88f0-a9a8-4f40-a263-4b2619233639-k1wFnX.jpg","jetpack_sharing_enabled":true,"_links":{"self":[{"href":"https:\/\/livelycity.com\/switzerland\/wp-json\/wp\/v2\/posts\/545278","targetHints":{"allow":["GET"]}}],"collection":[{"href":"https:\/\/livelycity.com\/switzerland\/wp-json\/wp\/v2\/posts"}],"about":[{"href":"https:\/\/livelycity.com\/switzerland\/wp-json\/wp\/v2\/types\/post"}],"replies":[{"embeddable":true,"href":"https:\/\/livelycity.com\/switzerland\/wp-json\/wp\/v2\/comments?post=545278"}],"version-history":[{"count":0,"href":"https:\/\/livelycity.com\/switzerland\/wp-json\/wp\/v2\/posts\/545278\/revisions"}],"wp:featuredmedia":[{"embeddable":true,"href":"https:\/\/livelycity.com\/switzerland\/wp-json\/wp\/v2\/media\/545192"}],"wp:attachment":[{"href":"https:\/\/livelycity.com\/switzerland\/wp-json\/wp\/v2\/media?parent=545278"}],"wp:term":[{"taxonomy":"category","embeddable":true,"href":"https:\/\/livelycity.com\/switzerland\/wp-json\/wp\/v2\/categories?post=545278"},{"taxonomy":"post_tag","embeddable":true,"href":"https:\/\/livelycity.com\/switzerland\/wp-json\/wp\/v2\/tags?post=545278"}],"curies":[{"name":"wp","href":"https:\/\/api.w.org\/{rel}","templated":true}]}}