{"id":545233,"date":"2026-09-02T03:30:00","date_gmt":"2026-09-02T03:30:00","guid":{"rendered":"https:\/\/livelycity.com\/switzerland\/die-schweiz-ist-ein-magnet-fur-multinationale-konzerne-doch-deren-unzufriedenheit-mit-dem-standort-wachst\/"},"modified":"2026-09-02T03:30:00","modified_gmt":"2026-09-02T03:30:00","slug":"die-schweiz-ist-ein-magnet-fur-multinationale-konzerne-doch-deren-unzufriedenheit-mit-dem-standort-wachst","status":"publish","type":"post","link":"https:\/\/livelycity.com\/switzerland\/die-schweiz-ist-ein-magnet-fur-multinationale-konzerne-doch-deren-unzufriedenheit-mit-dem-standort-wachst\/","title":{"rendered":"Die Schweiz ist ein Magnet f\u00fcr multinationale Konzerne. Doch deren Unzufriedenheit mit dem Standort w\u00e4chst"},"content":{"rendered":"<p>Ein neuer Bericht von McKinsey benennt die gr\u00f6ssten Gefahren f\u00fcr den Wirtschaftsstandort. Der neue Chef\u00f6konom des Bundes sagt, warum ihm besonders ein Punkt Sorgen bereitet.<\/p>\n<p><a href=\"https:\/\/www.nzz.ch\/wirtschaft\/die-schweiz-ist-ein-magnet-fuer-multinationale-konzerne-doch-deren-unzufriedenheit-mit-dem-standort-waechst-ld.10021678\" target=\"_blank\" class=\"\">https:\/\/www.nzz.ch\/wirtschaft\/die-schweiz-ist-ein-magnet-fuer-multinationale-konzerne-doch-deren-unzufriedenheit-mit-dem-standort-waechst-ld.10021678<\/a>\u00a0<\/p>\n","protected":false},"excerpt":{"rendered":"<p>Ein neuer Bericht von McKinsey benennt die gr\u00f6ssten Gefahren f\u00fcr den Wirtschaftsstandort. Der neue Chef\u00f6konom des Bundes sagt, warum ihm besonders ein Punkt Sorgen bereitet&#8230;.<\/p>\n","protected":false},"author":0,"featured_media":545234,"comment_status":"closed","ping_status":"closed","sticky":false,"template":"","format":"standard","meta":{"_jetpack_memberships_contains_paid_content":false,"footnotes":""},"categories":[6],"tags":[],"class_list":["post-545233","post","type-post","status-publish","format-standard","has-post-thumbnail","hentry","category-neue-zurcher-zeitung","wpcat-6-id"],"jetpack_featured_media_url":"https:\/\/livelycity.com\/switzerland\/wp-content\/uploads\/2026\/09\/eb2b5a3a-86b2-4f8f-b644-78bb1f44aa86-4Ajn28.jpg","jetpack_sharing_enabled":true,"_links":{"self":[{"href":"https:\/\/livelycity.com\/switzerland\/wp-json\/wp\/v2\/posts\/545233","targetHints":{"allow":["GET"]}}],"collection":[{"href":"https:\/\/livelycity.com\/switzerland\/wp-json\/wp\/v2\/posts"}],"about":[{"href":"https:\/\/livelycity.com\/switzerland\/wp-json\/wp\/v2\/types\/post"}],"replies":[{"embeddable":true,"href":"https:\/\/livelycity.com\/switzerland\/wp-json\/wp\/v2\/comments?post=545233"}],"version-history":[{"count":0,"href":"https:\/\/livelycity.com\/switzerland\/wp-json\/wp\/v2\/posts\/545233\/revisions"}],"wp:featuredmedia":[{"embeddable":true,"href":"https:\/\/livelycity.com\/switzerland\/wp-json\/wp\/v2\/media\/545234"}],"wp:attachment":[{"href":"https:\/\/livelycity.com\/switzerland\/wp-json\/wp\/v2\/media?parent=545233"}],"wp:term":[{"taxonomy":"category","embeddable":true,"href":"https:\/\/livelycity.com\/switzerland\/wp-json\/wp\/v2\/categories?post=545233"},{"taxonomy":"post_tag","embeddable":true,"href":"https:\/\/livelycity.com\/switzerland\/wp-json\/wp\/v2\/tags?post=545233"}],"curies":[{"name":"wp","href":"https:\/\/api.w.org\/{rel}","templated":true}]}}