{"id":545231,"date":"2026-09-02T03:30:00","date_gmt":"2026-09-02T03:30:00","guid":{"rendered":"https:\/\/livelycity.com\/switzerland\/das-romische-reich-wird-bedrangt-bei-den-parthern-herrscht-eine-sklavin-und-in-palastina-predigt-jesus-vom-ende-der-zeit-um-das-jahr-null-kam-die-welt-ins-wanken\/"},"modified":"2026-09-02T03:30:00","modified_gmt":"2026-09-02T03:30:00","slug":"das-romische-reich-wird-bedrangt-bei-den-parthern-herrscht-eine-sklavin-und-in-palastina-predigt-jesus-vom-ende-der-zeit-um-das-jahr-null-kam-die-welt-ins-wanken","status":"publish","type":"post","link":"https:\/\/livelycity.com\/switzerland\/das-romische-reich-wird-bedrangt-bei-den-parthern-herrscht-eine-sklavin-und-in-palastina-predigt-jesus-vom-ende-der-zeit-um-das-jahr-null-kam-die-welt-ins-wanken\/","title":{"rendered":"Das R\u00f6mische Reich wird bedr\u00e4ngt, bei den Parthern herrscht eine Sklavin, und in Pal\u00e4stina predigt Jesus vom Ende der Zeit: Um das Jahr null kam die Welt ins Wanken"},"content":{"rendered":"<p>Geschichte aus Geschichten: In seinem neuen Buch skizziert Moritz Aisslinger das Panorama einer Zeit, in der Europas Fundamente gelegt wurden.<\/p>\n<p><a href=\"https:\/\/www.nzz.ch\/feuilleton\/das-roemische-reich-wird-bedraengt-bei-den-parthern-herrscht-eine-sklavin-und-in-palaestina-predigt-jesus-vom-ende-der-zeit-um-das-jahr-null-wurden-europas-fundamente-gelegt-ld.10021691\" target=\"_blank\" class=\"\">https:\/\/www.nzz.ch\/feuilleton\/das-roemische-reich-wird-bedraengt-bei-den-parthern-herrscht-eine-sklavin-und-in-palaestina-predigt-jesus-vom-ende-der-zeit-um-das-jahr-null-wurden-europas-fundamente-gelegt-ld.10021691<\/a>\u00a0<\/p>\n","protected":false},"excerpt":{"rendered":"<p>Geschichte aus Geschichten: In seinem neuen Buch skizziert Moritz Aisslinger das Panorama einer Zeit, in der Europas Fundamente gelegt wurden. https:\/\/www.nzz.ch\/feuilleton\/das-roemische-reich-wird-bedraengt-bei-den-parthern-herrscht-eine-sklavin-und-in-palaestina-predigt-jesus-vom-ende-der-zeit-um-das-jahr-null-wurden-europas-fundamente-gelegt-ld.10021691\u00a0<\/p>\n","protected":false},"author":0,"featured_media":545232,"comment_status":"closed","ping_status":"closed","sticky":false,"template":"","format":"standard","meta":{"_jetpack_memberships_contains_paid_content":false,"footnotes":""},"categories":[6],"tags":[],"class_list":["post-545231","post","type-post","status-publish","format-standard","has-post-thumbnail","hentry","category-neue-zurcher-zeitung","wpcat-6-id"],"jetpack_featured_media_url":"https:\/\/livelycity.com\/switzerland\/wp-content\/uploads\/2026\/09\/0b901806-bb88-4553-b562-fd1b3b182429-tf0C2T.jpg","jetpack_sharing_enabled":true,"_links":{"self":[{"href":"https:\/\/livelycity.com\/switzerland\/wp-json\/wp\/v2\/posts\/545231","targetHints":{"allow":["GET"]}}],"collection":[{"href":"https:\/\/livelycity.com\/switzerland\/wp-json\/wp\/v2\/posts"}],"about":[{"href":"https:\/\/livelycity.com\/switzerland\/wp-json\/wp\/v2\/types\/post"}],"replies":[{"embeddable":true,"href":"https:\/\/livelycity.com\/switzerland\/wp-json\/wp\/v2\/comments?post=545231"}],"version-history":[{"count":0,"href":"https:\/\/livelycity.com\/switzerland\/wp-json\/wp\/v2\/posts\/545231\/revisions"}],"wp:featuredmedia":[{"embeddable":true,"href":"https:\/\/livelycity.com\/switzerland\/wp-json\/wp\/v2\/media\/545232"}],"wp:attachment":[{"href":"https:\/\/livelycity.com\/switzerland\/wp-json\/wp\/v2\/media?parent=545231"}],"wp:term":[{"taxonomy":"category","embeddable":true,"href":"https:\/\/livelycity.com\/switzerland\/wp-json\/wp\/v2\/categories?post=545231"},{"taxonomy":"post_tag","embeddable":true,"href":"https:\/\/livelycity.com\/switzerland\/wp-json\/wp\/v2\/tags?post=545231"}],"curies":[{"name":"wp","href":"https:\/\/api.w.org\/{rel}","templated":true}]}}