{"id":545215,"date":"2026-09-02T03:35:00","date_gmt":"2026-09-02T03:35:00","guid":{"rendered":"https:\/\/livelycity.com\/switzerland\/kommentar-dieser-hitzesommer-zeigt-weil-die-gletscher-verschwinden-mussen-wir-mehr-staudamme-bauen\/"},"modified":"2026-09-02T03:35:00","modified_gmt":"2026-09-02T03:35:00","slug":"kommentar-dieser-hitzesommer-zeigt-weil-die-gletscher-verschwinden-mussen-wir-mehr-staudamme-bauen","status":"publish","type":"post","link":"https:\/\/livelycity.com\/switzerland\/kommentar-dieser-hitzesommer-zeigt-weil-die-gletscher-verschwinden-mussen-wir-mehr-staudamme-bauen\/","title":{"rendered":"KOMMENTAR &#8211; Dieser Hitzesommer zeigt: Weil die Gletscher verschwinden, m\u00fcssen wir mehr Staud\u00e4mme bauen"},"content":{"rendered":"<p>Die Alpen gelten als Refugium f\u00fcr Ausfl\u00fcgler und Touristen. Durch die Gletscherschmelze und den Wassermangel w\u00e4hrend Hitzewellen k\u00f6nnten sie aber eine viel wichtigere Bedeutung erlangen \u2013 vorausgesetzt, ihre Bewohner handeln.<\/p>\n<p><a href=\"https:\/\/www.nzz.ch\/meinung\/dieser-hitzesommer-zeigt-weil-die-gletscher-verschwinden-muessen-wir-mehr-staudaemme-bauen-ld.10020910\" target=\"_blank\" class=\"\">https:\/\/www.nzz.ch\/meinung\/dieser-hitzesommer-zeigt-weil-die-gletscher-verschwinden-muessen-wir-mehr-staudaemme-bauen-ld.10020910<\/a>\u00a0<\/p>\n","protected":false},"excerpt":{"rendered":"<p>Die Alpen gelten als Refugium f\u00fcr Ausfl\u00fcgler und Touristen. Durch die Gletscherschmelze und den Wassermangel w\u00e4hrend Hitzewellen k\u00f6nnten sie aber eine viel wichtigere Bedeutung erlangen&#8230;<\/p>\n","protected":false},"author":0,"featured_media":545216,"comment_status":"closed","ping_status":"closed","sticky":false,"template":"","format":"standard","meta":{"_jetpack_memberships_contains_paid_content":false,"footnotes":""},"categories":[6],"tags":[],"class_list":["post-545215","post","type-post","status-publish","format-standard","has-post-thumbnail","hentry","category-neue-zurcher-zeitung","wpcat-6-id"],"jetpack_featured_media_url":"https:\/\/livelycity.com\/switzerland\/wp-content\/uploads\/2026\/09\/109fccea-d0ba-49b4-bf85-828b5dd88545-EvaFmD.jpg","jetpack_sharing_enabled":true,"_links":{"self":[{"href":"https:\/\/livelycity.com\/switzerland\/wp-json\/wp\/v2\/posts\/545215","targetHints":{"allow":["GET"]}}],"collection":[{"href":"https:\/\/livelycity.com\/switzerland\/wp-json\/wp\/v2\/posts"}],"about":[{"href":"https:\/\/livelycity.com\/switzerland\/wp-json\/wp\/v2\/types\/post"}],"replies":[{"embeddable":true,"href":"https:\/\/livelycity.com\/switzerland\/wp-json\/wp\/v2\/comments?post=545215"}],"version-history":[{"count":0,"href":"https:\/\/livelycity.com\/switzerland\/wp-json\/wp\/v2\/posts\/545215\/revisions"}],"wp:featuredmedia":[{"embeddable":true,"href":"https:\/\/livelycity.com\/switzerland\/wp-json\/wp\/v2\/media\/545216"}],"wp:attachment":[{"href":"https:\/\/livelycity.com\/switzerland\/wp-json\/wp\/v2\/media?parent=545215"}],"wp:term":[{"taxonomy":"category","embeddable":true,"href":"https:\/\/livelycity.com\/switzerland\/wp-json\/wp\/v2\/categories?post=545215"},{"taxonomy":"post_tag","embeddable":true,"href":"https:\/\/livelycity.com\/switzerland\/wp-json\/wp\/v2\/tags?post=545215"}],"curies":[{"name":"wp","href":"https:\/\/api.w.org\/{rel}","templated":true}]}}