{"id":545180,"date":"2026-09-02T03:00:00","date_gmt":"2026-09-02T03:00:00","guid":{"rendered":"https:\/\/livelycity.com\/switzerland\/interview-wenn-ein-junger-koch-von-gault-millau-hochgejubelt-wird-mit-15-punkten-beginnt-und-300-franken-fur-das-menu-verlangt-werden-die-leute-skeptisch-sagt-der-spitzenkoch-didi-bru\/"},"modified":"2026-09-02T03:00:00","modified_gmt":"2026-09-02T03:00:00","slug":"interview-wenn-ein-junger-koch-von-gault-millau-hochgejubelt-wird-mit-15-punkten-beginnt-und-300-franken-fur-das-menu-verlangt-werden-die-leute-skeptisch-sagt-der-spitzenkoch-didi-bru","status":"publish","type":"post","link":"https:\/\/livelycity.com\/switzerland\/interview-wenn-ein-junger-koch-von-gault-millau-hochgejubelt-wird-mit-15-punkten-beginnt-und-300-franken-fur-das-menu-verlangt-werden-die-leute-skeptisch-sagt-der-spitzenkoch-didi-bru\/","title":{"rendered":"INTERVIEW &#8211; \u00abWenn ein junger Koch von Gault-Millau hochgejubelt wird, mit 15 Punkten beginnt und 300 Franken f\u00fcr das Menu verlangt, werden die Leute skeptisch\u00bb, sagt der Spitzenkoch Didi Bruna"},"content":{"rendered":"<p>Vielen K\u00f6chen gehe es nur darum, sich selbst zu verwirklichen, findet der Z\u00fcrcher Spitzengastronom. Nun h\u00f6rt er auf.<\/p>\n<p><a href=\"https:\/\/www.nzz.ch\/zuerich\/zuerich-spitzenkoch-didi-bruna-ueber-gault-millau-teueres-essen-und-risotto-ld.10021326\" target=\"_blank\" class=\"\">https:\/\/www.nzz.ch\/zuerich\/zuerich-spitzenkoch-didi-bruna-ueber-gault-millau-teueres-essen-und-risotto-ld.10021326<\/a>\u00a0<\/p>\n","protected":false},"excerpt":{"rendered":"<p>Vielen K\u00f6chen gehe es nur darum, sich selbst zu verwirklichen, findet der Z\u00fcrcher Spitzengastronom. Nun h\u00f6rt er auf. https:\/\/www.nzz.ch\/zuerich\/zuerich-spitzenkoch-didi-bruna-ueber-gault-millau-teueres-essen-und-risotto-ld.10021326\u00a0<\/p>\n","protected":false},"author":0,"featured_media":545177,"comment_status":"closed","ping_status":"closed","sticky":false,"template":"","format":"standard","meta":{"_jetpack_memberships_contains_paid_content":false,"footnotes":""},"categories":[6],"tags":[],"class_list":["post-545180","post","type-post","status-publish","format-standard","has-post-thumbnail","hentry","category-neue-zurcher-zeitung","wpcat-6-id"],"jetpack_featured_media_url":"https:\/\/livelycity.com\/switzerland\/wp-content\/uploads\/2026\/09\/6cbd973d-9c00-4746-8e28-ef545cd7eaa4-7ZWqQR.jpg","jetpack_sharing_enabled":true,"_links":{"self":[{"href":"https:\/\/livelycity.com\/switzerland\/wp-json\/wp\/v2\/posts\/545180","targetHints":{"allow":["GET"]}}],"collection":[{"href":"https:\/\/livelycity.com\/switzerland\/wp-json\/wp\/v2\/posts"}],"about":[{"href":"https:\/\/livelycity.com\/switzerland\/wp-json\/wp\/v2\/types\/post"}],"replies":[{"embeddable":true,"href":"https:\/\/livelycity.com\/switzerland\/wp-json\/wp\/v2\/comments?post=545180"}],"version-history":[{"count":0,"href":"https:\/\/livelycity.com\/switzerland\/wp-json\/wp\/v2\/posts\/545180\/revisions"}],"wp:featuredmedia":[{"embeddable":true,"href":"https:\/\/livelycity.com\/switzerland\/wp-json\/wp\/v2\/media\/545177"}],"wp:attachment":[{"href":"https:\/\/livelycity.com\/switzerland\/wp-json\/wp\/v2\/media?parent=545180"}],"wp:term":[{"taxonomy":"category","embeddable":true,"href":"https:\/\/livelycity.com\/switzerland\/wp-json\/wp\/v2\/categories?post=545180"},{"taxonomy":"post_tag","embeddable":true,"href":"https:\/\/livelycity.com\/switzerland\/wp-json\/wp\/v2\/tags?post=545180"}],"curies":[{"name":"wp","href":"https:\/\/api.w.org\/{rel}","templated":true}]}}