{"id":545169,"date":"2026-09-01T16:16:46","date_gmt":"2026-09-01T16:16:46","guid":{"rendered":"https:\/\/livelycity.com\/switzerland\/ak-74-in-der-schweiz-verboten-und-doch-legal-zu-erwerben\/"},"modified":"2026-09-01T16:16:46","modified_gmt":"2026-09-01T16:16:46","slug":"ak-74-in-der-schweiz-verboten-und-doch-legal-zu-erwerben","status":"publish","type":"post","link":"https:\/\/livelycity.com\/switzerland\/ak-74-in-der-schweiz-verboten-und-doch-legal-zu-erwerben\/","title":{"rendered":"AK-74: In der Schweiz verboten \u2013 und doch legal zu erwerben"},"content":{"rendered":"<p>Die AK-74 gilt als verbotene Waffe. Mit einer Ausnahmebewilligung darf man sie trotzdem erwerben \u2013 daf\u00fcr m\u00fcssen bestimmte Voraussetzungen erf\u00fcllt sein.<\/p>\n<p><a href=\"https:\/\/www.20min.ch\/story\/ak-74-gilt-als-verboten-mit-ausnahmebewilligung-ist-sie-erlaubt-103625163\" target=\"_blank\" class=\"\">https:\/\/www.20min.ch\/story\/ak-74-gilt-als-verboten-mit-ausnahmebewilligung-ist-sie-erlaubt-103625163<\/a>\u00a0<\/p>\n","protected":false},"excerpt":{"rendered":"<p>Die AK-74 gilt als verbotene Waffe. Mit einer Ausnahmebewilligung darf man sie trotzdem erwerben \u2013 daf\u00fcr m\u00fcssen bestimmte Voraussetzungen erf\u00fcllt sein. https:\/\/www.20min.ch\/story\/ak-74-gilt-als-verboten-mit-ausnahmebewilligung-ist-sie-erlaubt-103625163\u00a0<\/p>\n","protected":false},"author":0,"featured_media":544951,"comment_status":"closed","ping_status":"closed","sticky":false,"template":"","format":"standard","meta":{"_jetpack_memberships_contains_paid_content":false,"footnotes":""},"categories":[3],"tags":[],"class_list":["post-545169","post","type-post","status-publish","format-standard","has-post-thumbnail","hentry","category-20-minuten","wpcat-3-id"],"jetpack_featured_media_url":"https:\/\/livelycity.com\/switzerland\/wp-content\/uploads\/2026\/09\/76cb3d26-74cd-412c-a8db-69e83b055b3f-MMcVRQ-scaled.jpg","jetpack_sharing_enabled":true,"_links":{"self":[{"href":"https:\/\/livelycity.com\/switzerland\/wp-json\/wp\/v2\/posts\/545169","targetHints":{"allow":["GET"]}}],"collection":[{"href":"https:\/\/livelycity.com\/switzerland\/wp-json\/wp\/v2\/posts"}],"about":[{"href":"https:\/\/livelycity.com\/switzerland\/wp-json\/wp\/v2\/types\/post"}],"replies":[{"embeddable":true,"href":"https:\/\/livelycity.com\/switzerland\/wp-json\/wp\/v2\/comments?post=545169"}],"version-history":[{"count":0,"href":"https:\/\/livelycity.com\/switzerland\/wp-json\/wp\/v2\/posts\/545169\/revisions"}],"wp:featuredmedia":[{"embeddable":true,"href":"https:\/\/livelycity.com\/switzerland\/wp-json\/wp\/v2\/media\/544951"}],"wp:attachment":[{"href":"https:\/\/livelycity.com\/switzerland\/wp-json\/wp\/v2\/media?parent=545169"}],"wp:term":[{"taxonomy":"category","embeddable":true,"href":"https:\/\/livelycity.com\/switzerland\/wp-json\/wp\/v2\/categories?post=545169"},{"taxonomy":"post_tag","embeddable":true,"href":"https:\/\/livelycity.com\/switzerland\/wp-json\/wp\/v2\/tags?post=545169"}],"curies":[{"name":"wp","href":"https:\/\/api.w.org\/{rel}","templated":true}]}}