{"id":545164,"date":"2026-09-01T19:53:48","date_gmt":"2026-09-01T19:53:48","guid":{"rendered":"https:\/\/livelycity.com\/switzerland\/fabrizio-31-habe-nicht-realisiert-dass-ich-getroffen-wurde\/"},"modified":"2026-09-01T19:53:48","modified_gmt":"2026-09-01T19:53:48","slug":"fabrizio-31-habe-nicht-realisiert-dass-ich-getroffen-wurde","status":"publish","type":"post","link":"https:\/\/livelycity.com\/switzerland\/fabrizio-31-habe-nicht-realisiert-dass-ich-getroffen-wurde\/","title":{"rendered":"Fabrizio (31): \u00abHabe nicht realisiert, dass ich getroffen wurde\u00bb"},"content":{"rendered":"<p>Fabrizio Grande wurde beim Schusswaffenangriff auf Rave-G\u00e4ste in Aarau an der H\u00fcfte getroffen. Er erz\u00e4hlt, wie er den Angriff erlebt hat.<\/p>\n<p><a href=\"https:\/\/www.20min.ch\/story\/verletzter-von-aarau-rave-fabrizio-31-habe-nicht-realisiert-dass-ich-getroffen-wurde-103625997\" target=\"_blank\" class=\"\">https:\/\/www.20min.ch\/story\/verletzter-von-aarau-rave-fabrizio-31-habe-nicht-realisiert-dass-ich-getroffen-wurde-103625997<\/a>\u00a0<\/p>\n","protected":false},"excerpt":{"rendered":"<p>Fabrizio Grande wurde beim Schusswaffenangriff auf Rave-G\u00e4ste in Aarau an der H\u00fcfte getroffen. Er erz\u00e4hlt, wie er den Angriff erlebt hat. https:\/\/www.20min.ch\/story\/verletzter-von-aarau-rave-fabrizio-31-habe-nicht-realisiert-dass-ich-getroffen-wurde-103625997\u00a0<\/p>\n","protected":false},"author":0,"featured_media":545028,"comment_status":"closed","ping_status":"closed","sticky":false,"template":"","format":"standard","meta":{"_jetpack_memberships_contains_paid_content":false,"footnotes":""},"categories":[3],"tags":[],"class_list":["post-545164","post","type-post","status-publish","format-standard","has-post-thumbnail","hentry","category-20-minuten","wpcat-3-id"],"jetpack_featured_media_url":"https:\/\/livelycity.com\/switzerland\/wp-content\/uploads\/2026\/09\/cfde2445-f502-447a-8623-a4cddd0323f8-O2ExLN.png","jetpack_sharing_enabled":true,"_links":{"self":[{"href":"https:\/\/livelycity.com\/switzerland\/wp-json\/wp\/v2\/posts\/545164","targetHints":{"allow":["GET"]}}],"collection":[{"href":"https:\/\/livelycity.com\/switzerland\/wp-json\/wp\/v2\/posts"}],"about":[{"href":"https:\/\/livelycity.com\/switzerland\/wp-json\/wp\/v2\/types\/post"}],"replies":[{"embeddable":true,"href":"https:\/\/livelycity.com\/switzerland\/wp-json\/wp\/v2\/comments?post=545164"}],"version-history":[{"count":0,"href":"https:\/\/livelycity.com\/switzerland\/wp-json\/wp\/v2\/posts\/545164\/revisions"}],"wp:featuredmedia":[{"embeddable":true,"href":"https:\/\/livelycity.com\/switzerland\/wp-json\/wp\/v2\/media\/545028"}],"wp:attachment":[{"href":"https:\/\/livelycity.com\/switzerland\/wp-json\/wp\/v2\/media?parent=545164"}],"wp:term":[{"taxonomy":"category","embeddable":true,"href":"https:\/\/livelycity.com\/switzerland\/wp-json\/wp\/v2\/categories?post=545164"},{"taxonomy":"post_tag","embeddable":true,"href":"https:\/\/livelycity.com\/switzerland\/wp-json\/wp\/v2\/tags?post=545164"}],"curies":[{"name":"wp","href":"https:\/\/api.w.org\/{rel}","templated":true}]}}