{"id":544943,"date":"2026-09-01T15:25:45","date_gmt":"2026-09-01T15:25:45","guid":{"rendered":"https:\/\/livelycity.com\/switzerland\/darum-gehort-dein-parfum-auf-keinen-fall-ins-badezimmer\/"},"modified":"2026-09-01T15:25:45","modified_gmt":"2026-09-01T15:25:45","slug":"darum-gehort-dein-parfum-auf-keinen-fall-ins-badezimmer","status":"publish","type":"post","link":"https:\/\/livelycity.com\/switzerland\/darum-gehort-dein-parfum-auf-keinen-fall-ins-badezimmer\/","title":{"rendered":"Darum geh\u00f6rt dein Parf\u00fcm auf keinen Fall ins Badezimmer"},"content":{"rendered":"<p>Dein Parf\u00fcm steht griffbereit neben Zahnb\u00fcrste und Gesichtscreme? Keine gute Idee. W\u00e4rme, Feuchtigkeit und Licht sorgen daf\u00fcr, dass sich dein Parf\u00fcm schneller ver\u00e4ndert. So geht es besser.<\/p>\n<p><a href=\"https:\/\/www.20min.ch\/story\/parfuem-richtig-lagern-ins-badezimmer-gehoert-der-flakon-nicht-103625672\" target=\"_blank\" class=\"\">https:\/\/www.20min.ch\/story\/parfuem-richtig-lagern-ins-badezimmer-gehoert-der-flakon-nicht-103625672<\/a>\u00a0<\/p>\n","protected":false},"excerpt":{"rendered":"<p>Dein Parf\u00fcm steht griffbereit neben Zahnb\u00fcrste und Gesichtscreme? Keine gute Idee. W\u00e4rme, Feuchtigkeit und Licht sorgen daf\u00fcr, dass sich dein Parf\u00fcm schneller ver\u00e4ndert. So geht&#8230;<\/p>\n","protected":false},"author":0,"featured_media":544923,"comment_status":"closed","ping_status":"closed","sticky":false,"template":"","format":"standard","meta":{"_jetpack_memberships_contains_paid_content":false,"footnotes":""},"categories":[3],"tags":[],"class_list":["post-544943","post","type-post","status-publish","format-standard","has-post-thumbnail","hentry","category-20-minuten","wpcat-3-id"],"jetpack_featured_media_url":"https:\/\/livelycity.com\/switzerland\/wp-content\/uploads\/2026\/09\/cc0fc22b-7654-4d88-a632-ea3f471152dc-AEue3G-scaled.jpg","jetpack_sharing_enabled":true,"_links":{"self":[{"href":"https:\/\/livelycity.com\/switzerland\/wp-json\/wp\/v2\/posts\/544943","targetHints":{"allow":["GET"]}}],"collection":[{"href":"https:\/\/livelycity.com\/switzerland\/wp-json\/wp\/v2\/posts"}],"about":[{"href":"https:\/\/livelycity.com\/switzerland\/wp-json\/wp\/v2\/types\/post"}],"replies":[{"embeddable":true,"href":"https:\/\/livelycity.com\/switzerland\/wp-json\/wp\/v2\/comments?post=544943"}],"version-history":[{"count":0,"href":"https:\/\/livelycity.com\/switzerland\/wp-json\/wp\/v2\/posts\/544943\/revisions"}],"wp:featuredmedia":[{"embeddable":true,"href":"https:\/\/livelycity.com\/switzerland\/wp-json\/wp\/v2\/media\/544923"}],"wp:attachment":[{"href":"https:\/\/livelycity.com\/switzerland\/wp-json\/wp\/v2\/media?parent=544943"}],"wp:term":[{"taxonomy":"category","embeddable":true,"href":"https:\/\/livelycity.com\/switzerland\/wp-json\/wp\/v2\/categories?post=544943"},{"taxonomy":"post_tag","embeddable":true,"href":"https:\/\/livelycity.com\/switzerland\/wp-json\/wp\/v2\/tags?post=544943"}],"curies":[{"name":"wp","href":"https:\/\/api.w.org\/{rel}","templated":true}]}}