{"id":544909,"date":"2026-09-01T15:10:00","date_gmt":"2026-09-01T15:10:00","guid":{"rendered":"https:\/\/livelycity.com\/switzerland\/in-unterwasche-an-zellentur-manipuliert-gina-h-gefangniswarter\/"},"modified":"2026-09-01T15:10:00","modified_gmt":"2026-09-01T15:10:00","slug":"in-unterwasche-an-zellentur-manipuliert-gina-h-gefangniswarter","status":"publish","type":"post","link":"https:\/\/livelycity.com\/switzerland\/in-unterwasche-an-zellentur-manipuliert-gina-h-gefangniswarter\/","title":{"rendered":"In Unterw\u00e4sche an Zellent\u00fcr: Manipuliert Gina H. Gef\u00e4ngnisw\u00e4rter?"},"content":{"rendered":"<p>Am Dienstag wurde im Prozess um den Mordfall Fabian die Gef\u00e4ngnispsychologin angeh\u00f6rt. Dabei wurden auch Eintr\u00e4ge aus dem Gef\u00e4ngnisprotokoll verlesen.<\/p>\n<p><a href=\"https:\/\/www.20min.ch\/story\/mordfall-fabian-in-unterwaesche-an-zellentuer-manipuliert-gina-h-gefaengniswaerter-103625832\" target=\"_blank\" class=\"\">https:\/\/www.20min.ch\/story\/mordfall-fabian-in-unterwaesche-an-zellentuer-manipuliert-gina-h-gefaengniswaerter-103625832<\/a>\u00a0<\/p>\n","protected":false},"excerpt":{"rendered":"<p>Am Dienstag wurde im Prozess um den Mordfall Fabian die Gef\u00e4ngnispsychologin angeh\u00f6rt. Dabei wurden auch Eintr\u00e4ge aus dem Gef\u00e4ngnisprotokoll verlesen. https:\/\/www.20min.ch\/story\/mordfall-fabian-in-unterwaesche-an-zellentuer-manipuliert-gina-h-gefaengniswaerter-103625832\u00a0<\/p>\n","protected":false},"author":0,"featured_media":544888,"comment_status":"closed","ping_status":"closed","sticky":false,"template":"","format":"standard","meta":{"_jetpack_memberships_contains_paid_content":false,"footnotes":""},"categories":[3],"tags":[],"class_list":["post-544909","post","type-post","status-publish","format-standard","has-post-thumbnail","hentry","category-20-minuten","wpcat-3-id"],"jetpack_featured_media_url":"https:\/\/livelycity.com\/switzerland\/wp-content\/uploads\/2026\/09\/19d71df4-3e6c-4b12-be82-93ae79dd1aae-5dE0aI-scaled.jpg","jetpack_sharing_enabled":true,"_links":{"self":[{"href":"https:\/\/livelycity.com\/switzerland\/wp-json\/wp\/v2\/posts\/544909","targetHints":{"allow":["GET"]}}],"collection":[{"href":"https:\/\/livelycity.com\/switzerland\/wp-json\/wp\/v2\/posts"}],"about":[{"href":"https:\/\/livelycity.com\/switzerland\/wp-json\/wp\/v2\/types\/post"}],"replies":[{"embeddable":true,"href":"https:\/\/livelycity.com\/switzerland\/wp-json\/wp\/v2\/comments?post=544909"}],"version-history":[{"count":0,"href":"https:\/\/livelycity.com\/switzerland\/wp-json\/wp\/v2\/posts\/544909\/revisions"}],"wp:featuredmedia":[{"embeddable":true,"href":"https:\/\/livelycity.com\/switzerland\/wp-json\/wp\/v2\/media\/544888"}],"wp:attachment":[{"href":"https:\/\/livelycity.com\/switzerland\/wp-json\/wp\/v2\/media?parent=544909"}],"wp:term":[{"taxonomy":"category","embeddable":true,"href":"https:\/\/livelycity.com\/switzerland\/wp-json\/wp\/v2\/categories?post=544909"},{"taxonomy":"post_tag","embeddable":true,"href":"https:\/\/livelycity.com\/switzerland\/wp-json\/wp\/v2\/tags?post=544909"}],"curies":[{"name":"wp","href":"https:\/\/api.w.org\/{rel}","templated":true}]}}