{"id":544873,"date":"2026-09-01T14:41:35","date_gmt":"2026-09-01T14:41:35","guid":{"rendered":"https:\/\/livelycity.com\/switzerland\/der-judische-zionist-der-fur-die-arabischen-muslime-antritt-so-gefahrlich-ist-die-neue-politische-allianz-in-israel-fur-netanyahu\/"},"modified":"2026-09-01T14:41:35","modified_gmt":"2026-09-01T14:41:35","slug":"der-judische-zionist-der-fur-die-arabischen-muslime-antritt-so-gefahrlich-ist-die-neue-politische-allianz-in-israel-fur-netanyahu","status":"publish","type":"post","link":"https:\/\/livelycity.com\/switzerland\/der-judische-zionist-der-fur-die-arabischen-muslime-antritt-so-gefahrlich-ist-die-neue-politische-allianz-in-israel-fur-netanyahu\/","title":{"rendered":"Der j\u00fcdische Zionist, der f\u00fcr die arabischen Muslime antritt: So gef\u00e4hrlich ist die neue politische Allianz in Israel f\u00fcr Netanyahu"},"content":{"rendered":"<p>Yoav Segalovitz kandidiert f\u00fcr die arabische Partei Raam und k\u00f6nnte zum K\u00f6nigsmacher einer Anti-Netanyahu-Koalition werden. Dahinter steckt auch ein Mentalit\u00e4tswandel unter den arabischen Israeli.<\/p>\n<p><a href=\"https:\/\/www.nzz.ch\/international\/israel-wahl-arabische-partei-stellt-juedischen-kandidaten-auf-ld.10021877\" target=\"_blank\" class=\"\">https:\/\/www.nzz.ch\/international\/israel-wahl-arabische-partei-stellt-juedischen-kandidaten-auf-ld.10021877<\/a>\u00a0<\/p>\n","protected":false},"excerpt":{"rendered":"<p>Yoav Segalovitz kandidiert f\u00fcr die arabische Partei Raam und k\u00f6nnte zum K\u00f6nigsmacher einer Anti-Netanyahu-Koalition werden. Dahinter steckt auch ein Mentalit\u00e4tswandel unter den arabischen Israeli. https:\/\/www.nzz.ch\/international\/israel-wahl-arabische-partei-stellt-juedischen-kandidaten-auf-ld.10021877\u00a0<\/p>\n","protected":false},"author":0,"featured_media":544874,"comment_status":"closed","ping_status":"closed","sticky":false,"template":"","format":"standard","meta":{"_jetpack_memberships_contains_paid_content":false,"footnotes":""},"categories":[6],"tags":[],"class_list":["post-544873","post","type-post","status-publish","format-standard","has-post-thumbnail","hentry","category-neue-zurcher-zeitung","wpcat-6-id"],"jetpack_featured_media_url":"https:\/\/livelycity.com\/switzerland\/wp-content\/uploads\/2026\/09\/d11997b6-5d0d-4a74-82d3-1293d51ee18c-hQUl47.jpg","jetpack_sharing_enabled":true,"_links":{"self":[{"href":"https:\/\/livelycity.com\/switzerland\/wp-json\/wp\/v2\/posts\/544873","targetHints":{"allow":["GET"]}}],"collection":[{"href":"https:\/\/livelycity.com\/switzerland\/wp-json\/wp\/v2\/posts"}],"about":[{"href":"https:\/\/livelycity.com\/switzerland\/wp-json\/wp\/v2\/types\/post"}],"replies":[{"embeddable":true,"href":"https:\/\/livelycity.com\/switzerland\/wp-json\/wp\/v2\/comments?post=544873"}],"version-history":[{"count":0,"href":"https:\/\/livelycity.com\/switzerland\/wp-json\/wp\/v2\/posts\/544873\/revisions"}],"wp:featuredmedia":[{"embeddable":true,"href":"https:\/\/livelycity.com\/switzerland\/wp-json\/wp\/v2\/media\/544874"}],"wp:attachment":[{"href":"https:\/\/livelycity.com\/switzerland\/wp-json\/wp\/v2\/media?parent=544873"}],"wp:term":[{"taxonomy":"category","embeddable":true,"href":"https:\/\/livelycity.com\/switzerland\/wp-json\/wp\/v2\/categories?post=544873"},{"taxonomy":"post_tag","embeddable":true,"href":"https:\/\/livelycity.com\/switzerland\/wp-json\/wp\/v2\/tags?post=544873"}],"curies":[{"name":"wp","href":"https:\/\/api.w.org\/{rel}","templated":true}]}}