{"id":544838,"date":"2026-09-01T13:39:57","date_gmt":"2026-09-01T13:39:57","guid":{"rendered":"https:\/\/livelycity.com\/switzerland\/mensch-wie-gorilla-kleben-allzu-leicht-am-handy-der-unterschied-wir-konnen-uns-selbst-uberlisten\/"},"modified":"2026-09-01T13:39:57","modified_gmt":"2026-09-01T13:39:57","slug":"mensch-wie-gorilla-kleben-allzu-leicht-am-handy-der-unterschied-wir-konnen-uns-selbst-uberlisten","status":"publish","type":"post","link":"https:\/\/livelycity.com\/switzerland\/mensch-wie-gorilla-kleben-allzu-leicht-am-handy-der-unterschied-wir-konnen-uns-selbst-uberlisten\/","title":{"rendered":"Mensch wie Gorilla kleben allzu leicht am Handy. Der Unterschied? Wir k\u00f6nnen uns selbst \u00fcberlisten"},"content":{"rendered":"<p>Wir greifen st\u00e4ndig zum Smartphone \u2013 oft ohne es \u00fcberhaupt zu wollen. Kleine Tricks k\u00f6nnen helfen, die Kontrolle zur\u00fcckzugewinnen. Die Kolumne \u00abHauptsache, gesund\u00bb.<\/p>\n<p><a href=\"https:\/\/www.nzz.ch\/wissenschaft\/mensch-wie-gorilla-kleben-allzu-leicht-am-handy-der-unterschied-wir-koennen-uns-selbst-ueberlisten-ld.10019989\" target=\"_blank\" class=\"\">https:\/\/www.nzz.ch\/wissenschaft\/mensch-wie-gorilla-kleben-allzu-leicht-am-handy-der-unterschied-wir-koennen-uns-selbst-ueberlisten-ld.10019989<\/a>\u00a0<\/p>\n","protected":false},"excerpt":{"rendered":"<p>Wir greifen st\u00e4ndig zum Smartphone \u2013 oft ohne es \u00fcberhaupt zu wollen. Kleine Tricks k\u00f6nnen helfen, die Kontrolle zur\u00fcckzugewinnen. Die Kolumne \u00abHauptsache, gesund\u00bb. https:\/\/www.nzz.ch\/wissenschaft\/mensch-wie-gorilla-kleben-allzu-leicht-am-handy-der-unterschied-wir-koennen-uns-selbst-ueberlisten-ld.10019989\u00a0<\/p>\n","protected":false},"author":0,"featured_media":544839,"comment_status":"closed","ping_status":"closed","sticky":false,"template":"","format":"standard","meta":{"_jetpack_memberships_contains_paid_content":false,"footnotes":""},"categories":[6],"tags":[],"class_list":["post-544838","post","type-post","status-publish","format-standard","has-post-thumbnail","hentry","category-neue-zurcher-zeitung","wpcat-6-id"],"jetpack_featured_media_url":"https:\/\/livelycity.com\/switzerland\/wp-content\/uploads\/2026\/09\/54ad0807-f664-42d5-a5e7-d1a99e1e2e14-82FBVA.jpg","jetpack_sharing_enabled":true,"_links":{"self":[{"href":"https:\/\/livelycity.com\/switzerland\/wp-json\/wp\/v2\/posts\/544838","targetHints":{"allow":["GET"]}}],"collection":[{"href":"https:\/\/livelycity.com\/switzerland\/wp-json\/wp\/v2\/posts"}],"about":[{"href":"https:\/\/livelycity.com\/switzerland\/wp-json\/wp\/v2\/types\/post"}],"replies":[{"embeddable":true,"href":"https:\/\/livelycity.com\/switzerland\/wp-json\/wp\/v2\/comments?post=544838"}],"version-history":[{"count":0,"href":"https:\/\/livelycity.com\/switzerland\/wp-json\/wp\/v2\/posts\/544838\/revisions"}],"wp:featuredmedia":[{"embeddable":true,"href":"https:\/\/livelycity.com\/switzerland\/wp-json\/wp\/v2\/media\/544839"}],"wp:attachment":[{"href":"https:\/\/livelycity.com\/switzerland\/wp-json\/wp\/v2\/media?parent=544838"}],"wp:term":[{"taxonomy":"category","embeddable":true,"href":"https:\/\/livelycity.com\/switzerland\/wp-json\/wp\/v2\/categories?post=544838"},{"taxonomy":"post_tag","embeddable":true,"href":"https:\/\/livelycity.com\/switzerland\/wp-json\/wp\/v2\/tags?post=544838"}],"curies":[{"name":"wp","href":"https:\/\/api.w.org\/{rel}","templated":true}]}}