{"id":544803,"date":"2026-09-01T13:04:48","date_gmt":"2026-09-01T13:04:48","guid":{"rendered":"https:\/\/livelycity.com\/switzerland\/die-neuesten-entwicklungen-regierungskrise-in-grossbritannien-keir-starmer-gibt-parlamentssitz-ab\/"},"modified":"2026-09-01T13:04:48","modified_gmt":"2026-09-01T13:04:48","slug":"die-neuesten-entwicklungen-regierungskrise-in-grossbritannien-keir-starmer-gibt-parlamentssitz-ab","status":"publish","type":"post","link":"https:\/\/livelycity.com\/switzerland\/die-neuesten-entwicklungen-regierungskrise-in-grossbritannien-keir-starmer-gibt-parlamentssitz-ab\/","title":{"rendered":"DIE NEUESTEN ENTWICKLUNGEN &#8211; Regierungskrise in Grossbritannien: Keir Starmer gibt Parlamentssitz ab"},"content":{"rendered":"<p>In London steht ein F\u00fchrungswechsel an. Nach dem R\u00fccktritt von Keir Starmer hat Andy Burnham den Vorsitz der Labour-Partei \u00fcbernommen. Er soll als der neue Premierminister Grossbritannien aus der Krise f\u00fchren.<\/p>\n<p><a href=\"https:\/\/www.nzz.ch\/international\/regierungswechsel-in-grossbritannien-andy-burnham-ist-als-chef-der-britischen-labour-partei-bestaetigt-worden-ld.10007193\" target=\"_blank\" class=\"\">https:\/\/www.nzz.ch\/international\/regierungswechsel-in-grossbritannien-andy-burnham-ist-als-chef-der-britischen-labour-partei-bestaetigt-worden-ld.10007193<\/a>\u00a0<\/p>\n","protected":false},"excerpt":{"rendered":"<p>In London steht ein F\u00fchrungswechsel an. Nach dem R\u00fccktritt von Keir Starmer hat Andy Burnham den Vorsitz der Labour-Partei \u00fcbernommen. Er soll als der neue&#8230;<\/p>\n","protected":false},"author":0,"featured_media":544804,"comment_status":"closed","ping_status":"closed","sticky":false,"template":"","format":"standard","meta":{"_jetpack_memberships_contains_paid_content":false,"footnotes":""},"categories":[6],"tags":[],"class_list":["post-544803","post","type-post","status-publish","format-standard","has-post-thumbnail","hentry","category-neue-zurcher-zeitung","wpcat-6-id"],"jetpack_featured_media_url":"https:\/\/livelycity.com\/switzerland\/wp-content\/uploads\/2026\/09\/2b8c83c5-d7b5-4bd0-9803-a471461cef6e-gC1lWe.jpg","jetpack_sharing_enabled":true,"_links":{"self":[{"href":"https:\/\/livelycity.com\/switzerland\/wp-json\/wp\/v2\/posts\/544803","targetHints":{"allow":["GET"]}}],"collection":[{"href":"https:\/\/livelycity.com\/switzerland\/wp-json\/wp\/v2\/posts"}],"about":[{"href":"https:\/\/livelycity.com\/switzerland\/wp-json\/wp\/v2\/types\/post"}],"replies":[{"embeddable":true,"href":"https:\/\/livelycity.com\/switzerland\/wp-json\/wp\/v2\/comments?post=544803"}],"version-history":[{"count":0,"href":"https:\/\/livelycity.com\/switzerland\/wp-json\/wp\/v2\/posts\/544803\/revisions"}],"wp:featuredmedia":[{"embeddable":true,"href":"https:\/\/livelycity.com\/switzerland\/wp-json\/wp\/v2\/media\/544804"}],"wp:attachment":[{"href":"https:\/\/livelycity.com\/switzerland\/wp-json\/wp\/v2\/media?parent=544803"}],"wp:term":[{"taxonomy":"category","embeddable":true,"href":"https:\/\/livelycity.com\/switzerland\/wp-json\/wp\/v2\/categories?post=544803"},{"taxonomy":"post_tag","embeddable":true,"href":"https:\/\/livelycity.com\/switzerland\/wp-json\/wp\/v2\/tags?post=544803"}],"curies":[{"name":"wp","href":"https:\/\/api.w.org\/{rel}","templated":true}]}}