{"id":544800,"date":"2026-09-01T11:43:26","date_gmt":"2026-09-01T11:43:26","guid":{"rendered":"https:\/\/livelycity.com\/switzerland\/hast-du-schon-mal-kleidung-getragen-und-sie-dann-zuruckgegeben\/"},"modified":"2026-09-01T11:43:26","modified_gmt":"2026-09-01T11:43:26","slug":"hast-du-schon-mal-kleidung-getragen-und-sie-dann-zuruckgegeben","status":"publish","type":"post","link":"https:\/\/livelycity.com\/switzerland\/hast-du-schon-mal-kleidung-getragen-und-sie-dann-zuruckgegeben\/","title":{"rendered":"Hast du schon mal Kleidung getragen und sie dann zur\u00fcckgegeben?"},"content":{"rendered":"<p>Etikett dranlassen, einen Abend lang tragen und danach zur\u00fcckgeben oder zur\u00fcckschicken: Hast du dir so schon einmal ein Kleidungsst\u00fcck zeitweise \u00abausgeliehen\u00bb? Erz\u00e4hl uns, wie du dazu stehst \u2013 und ob du dabei ein schlechtes Gewissen hattest.<\/p>\n<p><a href=\"https:\/\/www.20min.ch\/story\/kleider-einmal-tragen-und-zurueckgeben-hast-du-das-schon-gemacht-103625610\" target=\"_blank\" class=\"\">https:\/\/www.20min.ch\/story\/kleider-einmal-tragen-und-zurueckgeben-hast-du-das-schon-gemacht-103625610<\/a>\u00a0<\/p>\n","protected":false},"excerpt":{"rendered":"<p>Etikett dranlassen, einen Abend lang tragen und danach zur\u00fcckgeben oder zur\u00fcckschicken: Hast du dir so schon einmal ein Kleidungsst\u00fcck zeitweise \u00abausgeliehen\u00bb? Erz\u00e4hl uns, wie du&#8230;<\/p>\n","protected":false},"author":0,"featured_media":544779,"comment_status":"closed","ping_status":"closed","sticky":false,"template":"","format":"standard","meta":{"_jetpack_memberships_contains_paid_content":false,"footnotes":""},"categories":[3],"tags":[],"class_list":["post-544800","post","type-post","status-publish","format-standard","has-post-thumbnail","hentry","category-20-minuten","wpcat-3-id"],"jetpack_featured_media_url":"https:\/\/livelycity.com\/switzerland\/wp-content\/uploads\/2026\/09\/4ed0a917-f243-420b-8577-6399d250721f-uJgw39-scaled.jpg","jetpack_sharing_enabled":true,"_links":{"self":[{"href":"https:\/\/livelycity.com\/switzerland\/wp-json\/wp\/v2\/posts\/544800","targetHints":{"allow":["GET"]}}],"collection":[{"href":"https:\/\/livelycity.com\/switzerland\/wp-json\/wp\/v2\/posts"}],"about":[{"href":"https:\/\/livelycity.com\/switzerland\/wp-json\/wp\/v2\/types\/post"}],"replies":[{"embeddable":true,"href":"https:\/\/livelycity.com\/switzerland\/wp-json\/wp\/v2\/comments?post=544800"}],"version-history":[{"count":0,"href":"https:\/\/livelycity.com\/switzerland\/wp-json\/wp\/v2\/posts\/544800\/revisions"}],"wp:featuredmedia":[{"embeddable":true,"href":"https:\/\/livelycity.com\/switzerland\/wp-json\/wp\/v2\/media\/544779"}],"wp:attachment":[{"href":"https:\/\/livelycity.com\/switzerland\/wp-json\/wp\/v2\/media?parent=544800"}],"wp:term":[{"taxonomy":"category","embeddable":true,"href":"https:\/\/livelycity.com\/switzerland\/wp-json\/wp\/v2\/categories?post=544800"},{"taxonomy":"post_tag","embeddable":true,"href":"https:\/\/livelycity.com\/switzerland\/wp-json\/wp\/v2\/tags?post=544800"}],"curies":[{"name":"wp","href":"https:\/\/api.w.org\/{rel}","templated":true}]}}