{"id":544769,"date":"2026-09-01T11:27:20","date_gmt":"2026-09-01T11:27:20","guid":{"rendered":"https:\/\/livelycity.com\/switzerland\/bildstrecke-festival-ohne-festivaldirektor-wie-visa-pour-limage-das-erbe-seines-grunders-antritt\/"},"modified":"2026-09-01T11:27:20","modified_gmt":"2026-09-01T11:27:20","slug":"bildstrecke-festival-ohne-festivaldirektor-wie-visa-pour-limage-das-erbe-seines-grunders-antritt","status":"publish","type":"post","link":"https:\/\/livelycity.com\/switzerland\/bildstrecke-festival-ohne-festivaldirektor-wie-visa-pour-limage-das-erbe-seines-grunders-antritt\/","title":{"rendered":"BILDSTRECKE &#8211; Festival ohne Festivaldirektor \u2013 Wie Visa pour l\u2019Image das Erbe seines Gr\u00fcnders antritt"},"content":{"rendered":"<p>Das wichtigste Treffen der Fotojournalismus-Branche trauert um seinen Gr\u00fcnder. Jean-Fran\u00e7ois Leroy verstarb kurz vor der 38.\u2005Ausgabe von Visa pour l\u2019Image in Perpignan. Sein Festival trotzt seit Jahren der Krise der Medienbranche.<\/p>\n<p><a href=\"https:\/\/www.nzz.ch\/fotografie\/festival-ohne-festivaldirektor-wie-visa-pour-l-image-das-erbe-seines-gruenders-antritt-ld.10021789\" target=\"_blank\" class=\"\">https:\/\/www.nzz.ch\/fotografie\/festival-ohne-festivaldirektor-wie-visa-pour-l-image-das-erbe-seines-gruenders-antritt-ld.10021789<\/a>\u00a0<\/p>\n","protected":false},"excerpt":{"rendered":"<p>Das wichtigste Treffen der Fotojournalismus-Branche trauert um seinen Gr\u00fcnder. Jean-Fran\u00e7ois Leroy verstarb kurz vor der 38.\u2005Ausgabe von Visa pour l\u2019Image in Perpignan. Sein Festival trotzt&#8230;<\/p>\n","protected":false},"author":0,"featured_media":544770,"comment_status":"closed","ping_status":"closed","sticky":false,"template":"","format":"standard","meta":{"_jetpack_memberships_contains_paid_content":false,"footnotes":""},"categories":[6],"tags":[],"class_list":["post-544769","post","type-post","status-publish","format-standard","has-post-thumbnail","hentry","category-neue-zurcher-zeitung","wpcat-6-id"],"jetpack_featured_media_url":"https:\/\/livelycity.com\/switzerland\/wp-content\/uploads\/2026\/09\/9e73fbab-7caa-4bb6-a993-383133b87937-gowVd2.jpg","jetpack_sharing_enabled":true,"_links":{"self":[{"href":"https:\/\/livelycity.com\/switzerland\/wp-json\/wp\/v2\/posts\/544769","targetHints":{"allow":["GET"]}}],"collection":[{"href":"https:\/\/livelycity.com\/switzerland\/wp-json\/wp\/v2\/posts"}],"about":[{"href":"https:\/\/livelycity.com\/switzerland\/wp-json\/wp\/v2\/types\/post"}],"replies":[{"embeddable":true,"href":"https:\/\/livelycity.com\/switzerland\/wp-json\/wp\/v2\/comments?post=544769"}],"version-history":[{"count":0,"href":"https:\/\/livelycity.com\/switzerland\/wp-json\/wp\/v2\/posts\/544769\/revisions"}],"wp:featuredmedia":[{"embeddable":true,"href":"https:\/\/livelycity.com\/switzerland\/wp-json\/wp\/v2\/media\/544770"}],"wp:attachment":[{"href":"https:\/\/livelycity.com\/switzerland\/wp-json\/wp\/v2\/media?parent=544769"}],"wp:term":[{"taxonomy":"category","embeddable":true,"href":"https:\/\/livelycity.com\/switzerland\/wp-json\/wp\/v2\/categories?post=544769"},{"taxonomy":"post_tag","embeddable":true,"href":"https:\/\/livelycity.com\/switzerland\/wp-json\/wp\/v2\/tags?post=544769"}],"curies":[{"name":"wp","href":"https:\/\/api.w.org\/{rel}","templated":true}]}}