{"id":544768,"date":"2026-09-01T09:49:41","date_gmt":"2026-09-01T09:49:41","guid":{"rendered":"https:\/\/livelycity.com\/switzerland\/hagel-durchlochert-dach-in-bulach-besteht-jetzt-asbest-gefahr\/"},"modified":"2026-09-01T09:49:41","modified_gmt":"2026-09-01T09:49:41","slug":"hagel-durchlochert-dach-in-bulach-besteht-jetzt-asbest-gefahr","status":"publish","type":"post","link":"https:\/\/livelycity.com\/switzerland\/hagel-durchlochert-dach-in-bulach-besteht-jetzt-asbest-gefahr\/","title":{"rendered":"Hagel durchl\u00f6chert Dach: In B\u00fclach besteht jetzt Asbest-Gefahr"},"content":{"rendered":"<p>Die teils tennisballgrossen Hagelk\u00f6rner haben in verschiedenen Teilen der Schweiz grosse Zerst\u00f6rung angerichtet. Auch in B\u00fclach sind die Sch\u00e4den enorm, zus\u00e4tzlich droht nun Gefahr f\u00fcr die Gesundheit.<\/p>\n<p><a href=\"https:\/\/www.20min.ch\/story\/alte-eishalle-hagel-durchloechert-dach-in-buelach-besteht-jetzt-asbest-gefahr-103625550\" target=\"_blank\" class=\"\">https:\/\/www.20min.ch\/story\/alte-eishalle-hagel-durchloechert-dach-in-buelach-besteht-jetzt-asbest-gefahr-103625550<\/a>\u00a0<\/p>\n","protected":false},"excerpt":{"rendered":"<p>Die teils tennisballgrossen Hagelk\u00f6rner haben in verschiedenen Teilen der Schweiz grosse Zerst\u00f6rung angerichtet. Auch in B\u00fclach sind die Sch\u00e4den enorm, zus\u00e4tzlich droht nun Gefahr f\u00fcr&#8230;<\/p>\n","protected":false},"author":0,"featured_media":544719,"comment_status":"closed","ping_status":"closed","sticky":false,"template":"","format":"standard","meta":{"_jetpack_memberships_contains_paid_content":false,"footnotes":""},"categories":[3],"tags":[],"class_list":["post-544768","post","type-post","status-publish","format-standard","has-post-thumbnail","hentry","category-20-minuten","wpcat-3-id"],"jetpack_featured_media_url":"https:\/\/livelycity.com\/switzerland\/wp-content\/uploads\/2026\/09\/eca511c5-8417-41ac-a984-3668db8b5a85-kZq2ue-scaled.jpg","jetpack_sharing_enabled":true,"_links":{"self":[{"href":"https:\/\/livelycity.com\/switzerland\/wp-json\/wp\/v2\/posts\/544768","targetHints":{"allow":["GET"]}}],"collection":[{"href":"https:\/\/livelycity.com\/switzerland\/wp-json\/wp\/v2\/posts"}],"about":[{"href":"https:\/\/livelycity.com\/switzerland\/wp-json\/wp\/v2\/types\/post"}],"replies":[{"embeddable":true,"href":"https:\/\/livelycity.com\/switzerland\/wp-json\/wp\/v2\/comments?post=544768"}],"version-history":[{"count":0,"href":"https:\/\/livelycity.com\/switzerland\/wp-json\/wp\/v2\/posts\/544768\/revisions"}],"wp:featuredmedia":[{"embeddable":true,"href":"https:\/\/livelycity.com\/switzerland\/wp-json\/wp\/v2\/media\/544719"}],"wp:attachment":[{"href":"https:\/\/livelycity.com\/switzerland\/wp-json\/wp\/v2\/media?parent=544768"}],"wp:term":[{"taxonomy":"category","embeddable":true,"href":"https:\/\/livelycity.com\/switzerland\/wp-json\/wp\/v2\/categories?post=544768"},{"taxonomy":"post_tag","embeddable":true,"href":"https:\/\/livelycity.com\/switzerland\/wp-json\/wp\/v2\/tags?post=544768"}],"curies":[{"name":"wp","href":"https:\/\/api.w.org\/{rel}","templated":true}]}}