{"id":544767,"date":"2026-09-01T08:32:20","date_gmt":"2026-09-01T08:32:20","guid":{"rendered":"https:\/\/livelycity.com\/switzerland\/brigitte-macrons-tochter-42-datet-auch-einen-20-jahre-jungeren\/"},"modified":"2026-09-01T08:32:20","modified_gmt":"2026-09-01T08:32:20","slug":"brigitte-macrons-tochter-42-datet-auch-einen-20-jahre-jungeren","status":"publish","type":"post","link":"https:\/\/livelycity.com\/switzerland\/brigitte-macrons-tochter-42-datet-auch-einen-20-jahre-jungeren\/","title":{"rendered":"Brigitte Macrons Tochter (42) datet auch einen 20 Jahre j\u00fcngeren"},"content":{"rendered":"<p>Tiphaine Auzi\u00e8re ist mit einem 22-j\u00e4hrigen Studenten zusammen. Es zeichnet sich ein Trend ab: Immer mehr junge M\u00e4nner zeigen Interesse an \u00e4lteren Frauen, anstatt gleichaltrige Partnerinnen zu daten.<\/p>\n<p><a href=\"https:\/\/www.20min.ch\/story\/tiphaine-auziere-brigitte-macrons-tochter-datet-einen-20-jahre-juengeren-mann-103625600\" target=\"_blank\" class=\"\">https:\/\/www.20min.ch\/story\/tiphaine-auziere-brigitte-macrons-tochter-datet-einen-20-jahre-juengeren-mann-103625600<\/a>\u00a0<\/p>\n","protected":false},"excerpt":{"rendered":"<p>Tiphaine Auzi\u00e8re ist mit einem 22-j\u00e4hrigen Studenten zusammen. Es zeichnet sich ein Trend ab: Immer mehr junge M\u00e4nner zeigen Interesse an \u00e4lteren Frauen, anstatt gleichaltrige&#8230;<\/p>\n","protected":false},"author":0,"featured_media":544705,"comment_status":"closed","ping_status":"closed","sticky":false,"template":"","format":"standard","meta":{"_jetpack_memberships_contains_paid_content":false,"footnotes":""},"categories":[3],"tags":[],"class_list":["post-544767","post","type-post","status-publish","format-standard","has-post-thumbnail","hentry","category-20-minuten","wpcat-3-id"],"jetpack_featured_media_url":"https:\/\/livelycity.com\/switzerland\/wp-content\/uploads\/2026\/09\/9f002e44-532d-42b3-b30e-d5e0ad90f090-dDg572.png","jetpack_sharing_enabled":true,"_links":{"self":[{"href":"https:\/\/livelycity.com\/switzerland\/wp-json\/wp\/v2\/posts\/544767","targetHints":{"allow":["GET"]}}],"collection":[{"href":"https:\/\/livelycity.com\/switzerland\/wp-json\/wp\/v2\/posts"}],"about":[{"href":"https:\/\/livelycity.com\/switzerland\/wp-json\/wp\/v2\/types\/post"}],"replies":[{"embeddable":true,"href":"https:\/\/livelycity.com\/switzerland\/wp-json\/wp\/v2\/comments?post=544767"}],"version-history":[{"count":0,"href":"https:\/\/livelycity.com\/switzerland\/wp-json\/wp\/v2\/posts\/544767\/revisions"}],"wp:featuredmedia":[{"embeddable":true,"href":"https:\/\/livelycity.com\/switzerland\/wp-json\/wp\/v2\/media\/544705"}],"wp:attachment":[{"href":"https:\/\/livelycity.com\/switzerland\/wp-json\/wp\/v2\/media?parent=544767"}],"wp:term":[{"taxonomy":"category","embeddable":true,"href":"https:\/\/livelycity.com\/switzerland\/wp-json\/wp\/v2\/categories?post=544767"},{"taxonomy":"post_tag","embeddable":true,"href":"https:\/\/livelycity.com\/switzerland\/wp-json\/wp\/v2\/tags?post=544767"}],"curies":[{"name":"wp","href":"https:\/\/api.w.org\/{rel}","templated":true}]}}