{"id":544733,"date":"2026-09-01T08:53:37","date_gmt":"2026-09-01T08:53:37","guid":{"rendered":"https:\/\/livelycity.com\/switzerland\/komplikation-mit-lunge-mette-marit-verpasst-haakons-konigseid\/"},"modified":"2026-09-01T08:53:37","modified_gmt":"2026-09-01T08:53:37","slug":"komplikation-mit-lunge-mette-marit-verpasst-haakons-konigseid","status":"publish","type":"post","link":"https:\/\/livelycity.com\/switzerland\/komplikation-mit-lunge-mette-marit-verpasst-haakons-konigseid\/","title":{"rendered":"Komplikation mit Lunge: Mette-Marit verpasst Haakons K\u00f6nigseid"},"content":{"rendered":"<p>Die neue K\u00f6nigin Mette-Marit fehlt bei Haakons K\u00f6nigseid. Sie k\u00e4mpft offenbar wieder mit Komplikationen ihrer Lunge.<\/p>\n<p><a href=\"https:\/\/www.20min.ch\/story\/mette-marit-fehlt-beim-koenigseid-lungenkomplikationen-zwingen-sie-ins-spital-103625666\" target=\"_blank\" class=\"\">https:\/\/www.20min.ch\/story\/mette-marit-fehlt-beim-koenigseid-lungenkomplikationen-zwingen-sie-ins-spital-103625666<\/a>\u00a0<\/p>\n","protected":false},"excerpt":{"rendered":"<p>Die neue K\u00f6nigin Mette-Marit fehlt bei Haakons K\u00f6nigseid. Sie k\u00e4mpft offenbar wieder mit Komplikationen ihrer Lunge. https:\/\/www.20min.ch\/story\/mette-marit-fehlt-beim-koenigseid-lungenkomplikationen-zwingen-sie-ins-spital-103625666\u00a0<\/p>\n","protected":false},"author":0,"featured_media":544703,"comment_status":"closed","ping_status":"closed","sticky":false,"template":"","format":"standard","meta":{"_jetpack_memberships_contains_paid_content":false,"footnotes":""},"categories":[3],"tags":[],"class_list":["post-544733","post","type-post","status-publish","format-standard","has-post-thumbnail","hentry","category-20-minuten","wpcat-3-id"],"jetpack_featured_media_url":"https:\/\/livelycity.com\/switzerland\/wp-content\/uploads\/2026\/09\/b6072931-c9cf-4aca-b90c-f76bbf478027-HU780x-scaled.jpg","jetpack_sharing_enabled":true,"_links":{"self":[{"href":"https:\/\/livelycity.com\/switzerland\/wp-json\/wp\/v2\/posts\/544733","targetHints":{"allow":["GET"]}}],"collection":[{"href":"https:\/\/livelycity.com\/switzerland\/wp-json\/wp\/v2\/posts"}],"about":[{"href":"https:\/\/livelycity.com\/switzerland\/wp-json\/wp\/v2\/types\/post"}],"replies":[{"embeddable":true,"href":"https:\/\/livelycity.com\/switzerland\/wp-json\/wp\/v2\/comments?post=544733"}],"version-history":[{"count":0,"href":"https:\/\/livelycity.com\/switzerland\/wp-json\/wp\/v2\/posts\/544733\/revisions"}],"wp:featuredmedia":[{"embeddable":true,"href":"https:\/\/livelycity.com\/switzerland\/wp-json\/wp\/v2\/media\/544703"}],"wp:attachment":[{"href":"https:\/\/livelycity.com\/switzerland\/wp-json\/wp\/v2\/media?parent=544733"}],"wp:term":[{"taxonomy":"category","embeddable":true,"href":"https:\/\/livelycity.com\/switzerland\/wp-json\/wp\/v2\/categories?post=544733"},{"taxonomy":"post_tag","embeddable":true,"href":"https:\/\/livelycity.com\/switzerland\/wp-json\/wp\/v2\/tags?post=544733"}],"curies":[{"name":"wp","href":"https:\/\/api.w.org\/{rel}","templated":true}]}}