{"id":544692,"date":"2026-09-01T08:05:35","date_gmt":"2026-09-01T08:05:35","guid":{"rendered":"https:\/\/livelycity.com\/switzerland\/hatten-wir-gewusst-trump-verwandter-bereut-infantino-deal\/"},"modified":"2026-09-01T08:05:35","modified_gmt":"2026-09-01T08:05:35","slug":"hatten-wir-gewusst-trump-verwandter-bereut-infantino-deal","status":"publish","type":"post","link":"https:\/\/livelycity.com\/switzerland\/hatten-wir-gewusst-trump-verwandter-bereut-infantino-deal\/","title":{"rendered":"\u00abH\u00e4tten wir gewusst \u2026\u00bb: Trump-Verwandter bereut Infantino-Deal"},"content":{"rendered":"<p>Investor Joshua Kushner sagt erstmals \u00f6ffentlich, dass Thrive sich nicht auf Infantinos FFE-Pl\u00e4ne eingelassen h\u00e4tte, wenn die Folgen absehbar gewesen w\u00e4ren.<\/p>\n<p><a href=\"https:\/\/www.20min.ch\/story\/fifa-in-der-krise-haetten-wir-gewusst-trump-verwandter-bereut-infantino-deal-103625537\" target=\"_blank\" class=\"\">https:\/\/www.20min.ch\/story\/fifa-in-der-krise-haetten-wir-gewusst-trump-verwandter-bereut-infantino-deal-103625537<\/a>\u00a0<\/p>\n","protected":false},"excerpt":{"rendered":"<p>Investor Joshua Kushner sagt erstmals \u00f6ffentlich, dass Thrive sich nicht auf Infantinos FFE-Pl\u00e4ne eingelassen h\u00e4tte, wenn die Folgen absehbar gewesen w\u00e4ren. https:\/\/www.20min.ch\/story\/fifa-in-der-krise-haetten-wir-gewusst-trump-verwandter-bereut-infantino-deal-103625537\u00a0<\/p>\n","protected":false},"author":0,"featured_media":544672,"comment_status":"closed","ping_status":"closed","sticky":false,"template":"","format":"standard","meta":{"_jetpack_memberships_contains_paid_content":false,"footnotes":""},"categories":[3],"tags":[],"class_list":["post-544692","post","type-post","status-publish","format-standard","has-post-thumbnail","hentry","category-20-minuten","wpcat-3-id"],"jetpack_featured_media_url":"https:\/\/livelycity.com\/switzerland\/wp-content\/uploads\/2026\/09\/4c1d5547-b84c-484f-97e1-b31995884f73-klYPpg-scaled.jpg","jetpack_sharing_enabled":true,"_links":{"self":[{"href":"https:\/\/livelycity.com\/switzerland\/wp-json\/wp\/v2\/posts\/544692","targetHints":{"allow":["GET"]}}],"collection":[{"href":"https:\/\/livelycity.com\/switzerland\/wp-json\/wp\/v2\/posts"}],"about":[{"href":"https:\/\/livelycity.com\/switzerland\/wp-json\/wp\/v2\/types\/post"}],"replies":[{"embeddable":true,"href":"https:\/\/livelycity.com\/switzerland\/wp-json\/wp\/v2\/comments?post=544692"}],"version-history":[{"count":0,"href":"https:\/\/livelycity.com\/switzerland\/wp-json\/wp\/v2\/posts\/544692\/revisions"}],"wp:featuredmedia":[{"embeddable":true,"href":"https:\/\/livelycity.com\/switzerland\/wp-json\/wp\/v2\/media\/544672"}],"wp:attachment":[{"href":"https:\/\/livelycity.com\/switzerland\/wp-json\/wp\/v2\/media?parent=544692"}],"wp:term":[{"taxonomy":"category","embeddable":true,"href":"https:\/\/livelycity.com\/switzerland\/wp-json\/wp\/v2\/categories?post=544692"},{"taxonomy":"post_tag","embeddable":true,"href":"https:\/\/livelycity.com\/switzerland\/wp-json\/wp\/v2\/tags?post=544692"}],"curies":[{"name":"wp","href":"https:\/\/api.w.org\/{rel}","templated":true}]}}