{"id":544688,"date":"2026-09-01T06:32:45","date_gmt":"2026-09-01T06:32:45","guid":{"rendered":"https:\/\/livelycity.com\/switzerland\/mit-fussfessel-marius-borg-hoiby-tragt-konig-haralds-sarg\/"},"modified":"2026-09-01T06:32:45","modified_gmt":"2026-09-01T06:32:45","slug":"mit-fussfessel-marius-borg-hoiby-tragt-konig-haralds-sarg","status":"publish","type":"post","link":"https:\/\/livelycity.com\/switzerland\/mit-fussfessel-marius-borg-hoiby-tragt-konig-haralds-sarg\/","title":{"rendered":"Mit Fussfessel: Marius Borg H\u00f8iby tr\u00e4gt K\u00f6nig Haralds Sarg"},"content":{"rendered":"<p>Der Sarg von K\u00f6nig Harald V. wurde am Montag in einer feierlichen Prozession durch f\u00fcnf S\u00e4le des Osloer Schlosses getragen. Seine Enkel haben den Sarg getragen \u2013 auch Marius Borg H\u00f8iby.<\/p>\n<p><a href=\"https:\/\/www.20min.ch\/story\/trotz-untersuchungshaft-marius-borg-hoiby-traegt-koenig-haralds-sarg-mit-seinen-cousins-103625578\" target=\"_blank\" class=\"\">https:\/\/www.20min.ch\/story\/trotz-untersuchungshaft-marius-borg-hoiby-traegt-koenig-haralds-sarg-mit-seinen-cousins-103625578<\/a>\u00a0<\/p>\n","protected":false},"excerpt":{"rendered":"<p>Der Sarg von K\u00f6nig Harald V. wurde am Montag in einer feierlichen Prozession durch f\u00fcnf S\u00e4le des Osloer Schlosses getragen. Seine Enkel haben den Sarg&#8230;<\/p>\n","protected":false},"author":0,"featured_media":544645,"comment_status":"closed","ping_status":"closed","sticky":false,"template":"","format":"standard","meta":{"_jetpack_memberships_contains_paid_content":false,"footnotes":""},"categories":[3],"tags":[],"class_list":["post-544688","post","type-post","status-publish","format-standard","has-post-thumbnail","hentry","category-20-minuten","wpcat-3-id"],"jetpack_featured_media_url":"https:\/\/livelycity.com\/switzerland\/wp-content\/uploads\/2026\/09\/a93785ec-dfc5-4a18-b573-c5d6de4b8227-OOaULY-scaled.jpg","jetpack_sharing_enabled":true,"_links":{"self":[{"href":"https:\/\/livelycity.com\/switzerland\/wp-json\/wp\/v2\/posts\/544688","targetHints":{"allow":["GET"]}}],"collection":[{"href":"https:\/\/livelycity.com\/switzerland\/wp-json\/wp\/v2\/posts"}],"about":[{"href":"https:\/\/livelycity.com\/switzerland\/wp-json\/wp\/v2\/types\/post"}],"replies":[{"embeddable":true,"href":"https:\/\/livelycity.com\/switzerland\/wp-json\/wp\/v2\/comments?post=544688"}],"version-history":[{"count":0,"href":"https:\/\/livelycity.com\/switzerland\/wp-json\/wp\/v2\/posts\/544688\/revisions"}],"wp:featuredmedia":[{"embeddable":true,"href":"https:\/\/livelycity.com\/switzerland\/wp-json\/wp\/v2\/media\/544645"}],"wp:attachment":[{"href":"https:\/\/livelycity.com\/switzerland\/wp-json\/wp\/v2\/media?parent=544688"}],"wp:term":[{"taxonomy":"category","embeddable":true,"href":"https:\/\/livelycity.com\/switzerland\/wp-json\/wp\/v2\/categories?post=544688"},{"taxonomy":"post_tag","embeddable":true,"href":"https:\/\/livelycity.com\/switzerland\/wp-json\/wp\/v2\/tags?post=544688"}],"curies":[{"name":"wp","href":"https:\/\/api.w.org\/{rel}","templated":true}]}}