{"id":544667,"date":"2026-09-01T08:08:12","date_gmt":"2026-09-01T08:08:12","guid":{"rendered":"https:\/\/livelycity.com\/switzerland\/swiss-life-baut-600-stellen-ab-grund-ist-die-fortschreitende-digitalisierung\/"},"modified":"2026-09-01T08:08:12","modified_gmt":"2026-09-01T08:08:12","slug":"swiss-life-baut-600-stellen-ab-grund-ist-die-fortschreitende-digitalisierung","status":"publish","type":"post","link":"https:\/\/livelycity.com\/switzerland\/swiss-life-baut-600-stellen-ab-grund-ist-die-fortschreitende-digitalisierung\/","title":{"rendered":"Swiss Life baut 600 Stellen ab \u2013 Grund ist die \u00abfortschreitende Digitalisierung\u00bb"},"content":{"rendered":"<p>Der Versicherer ist mit seinen Gesch\u00e4ftszahlen auf Kurs, reduziert aber die Zahl seiner Besch\u00e4ftigten. Die H\u00e4lfte der Stellenstreichungen soll die Schweiz treffen.<\/p>\n<p><a href=\"https:\/\/www.nzz.ch\/wirtschaft\/swiss-life-baut-600-stellen-ab-grund-ist-die-fortschreitende-digitalisierung-ld.10021856\" target=\"_blank\" class=\"\">https:\/\/www.nzz.ch\/wirtschaft\/swiss-life-baut-600-stellen-ab-grund-ist-die-fortschreitende-digitalisierung-ld.10021856<\/a>\u00a0<\/p>\n","protected":false},"excerpt":{"rendered":"<p>Der Versicherer ist mit seinen Gesch\u00e4ftszahlen auf Kurs, reduziert aber die Zahl seiner Besch\u00e4ftigten. Die H\u00e4lfte der Stellenstreichungen soll die Schweiz treffen. https:\/\/www.nzz.ch\/wirtschaft\/swiss-life-baut-600-stellen-ab-grund-ist-die-fortschreitende-digitalisierung-ld.10021856\u00a0<\/p>\n","protected":false},"author":0,"featured_media":544668,"comment_status":"closed","ping_status":"closed","sticky":false,"template":"","format":"standard","meta":{"_jetpack_memberships_contains_paid_content":false,"footnotes":""},"categories":[6],"tags":[],"class_list":["post-544667","post","type-post","status-publish","format-standard","has-post-thumbnail","hentry","category-neue-zurcher-zeitung","wpcat-6-id"],"jetpack_featured_media_url":"https:\/\/livelycity.com\/switzerland\/wp-content\/uploads\/2026\/09\/6565b5ad-c6eb-4d37-aa46-04981d30a4b7-xeIZaT.jpg","jetpack_sharing_enabled":true,"_links":{"self":[{"href":"https:\/\/livelycity.com\/switzerland\/wp-json\/wp\/v2\/posts\/544667","targetHints":{"allow":["GET"]}}],"collection":[{"href":"https:\/\/livelycity.com\/switzerland\/wp-json\/wp\/v2\/posts"}],"about":[{"href":"https:\/\/livelycity.com\/switzerland\/wp-json\/wp\/v2\/types\/post"}],"replies":[{"embeddable":true,"href":"https:\/\/livelycity.com\/switzerland\/wp-json\/wp\/v2\/comments?post=544667"}],"version-history":[{"count":0,"href":"https:\/\/livelycity.com\/switzerland\/wp-json\/wp\/v2\/posts\/544667\/revisions"}],"wp:featuredmedia":[{"embeddable":true,"href":"https:\/\/livelycity.com\/switzerland\/wp-json\/wp\/v2\/media\/544668"}],"wp:attachment":[{"href":"https:\/\/livelycity.com\/switzerland\/wp-json\/wp\/v2\/media?parent=544667"}],"wp:term":[{"taxonomy":"category","embeddable":true,"href":"https:\/\/livelycity.com\/switzerland\/wp-json\/wp\/v2\/categories?post=544667"},{"taxonomy":"post_tag","embeddable":true,"href":"https:\/\/livelycity.com\/switzerland\/wp-json\/wp\/v2\/tags?post=544667"}],"curies":[{"name":"wp","href":"https:\/\/api.w.org\/{rel}","templated":true}]}}