{"id":544666,"date":"2026-09-01T06:13:46","date_gmt":"2026-09-01T06:13:46","guid":{"rendered":"https:\/\/livelycity.com\/switzerland\/apple-hat-ab-heute-einen-neuen-chef-so-tickt-er\/"},"modified":"2026-09-01T06:13:46","modified_gmt":"2026-09-01T06:13:46","slug":"apple-hat-ab-heute-einen-neuen-chef-so-tickt-er","status":"publish","type":"post","link":"https:\/\/livelycity.com\/switzerland\/apple-hat-ab-heute-einen-neuen-chef-so-tickt-er\/","title":{"rendered":"Apple hat ab heute einen neuen Chef \u2013 so tickt er"},"content":{"rendered":"<p>Der 51-J\u00e4hrige geh\u00f6rt ab Dienstag zu den m\u00e4chtigsten Wirtschaftschefs weltweit. Er \u00fcbernimmt als Apple-CEO von Tim Cook, der in den Verwaltungsrat wechselt.<\/p>\n<p><a href=\"https:\/\/www.20min.ch\/story\/john-ternus-apple-hat-ab-heute-einen-neuen-chef-so-tickt-er-103625551\" target=\"_blank\" class=\"\">https:\/\/www.20min.ch\/story\/john-ternus-apple-hat-ab-heute-einen-neuen-chef-so-tickt-er-103625551<\/a>\u00a0<\/p>\n","protected":false},"excerpt":{"rendered":"<p>Der 51-J\u00e4hrige geh\u00f6rt ab Dienstag zu den m\u00e4chtigsten Wirtschaftschefs weltweit. Er \u00fcbernimmt als Apple-CEO von Tim Cook, der in den Verwaltungsrat wechselt. https:\/\/www.20min.ch\/story\/john-ternus-apple-hat-ab-heute-einen-neuen-chef-so-tickt-er-103625551\u00a0<\/p>\n","protected":false},"author":0,"featured_media":544619,"comment_status":"closed","ping_status":"closed","sticky":false,"template":"","format":"standard","meta":{"_jetpack_memberships_contains_paid_content":false,"footnotes":""},"categories":[3],"tags":[],"class_list":["post-544666","post","type-post","status-publish","format-standard","has-post-thumbnail","hentry","category-20-minuten","wpcat-3-id"],"jetpack_featured_media_url":"https:\/\/livelycity.com\/switzerland\/wp-content\/uploads\/2026\/09\/3148de3b-7abd-4a9b-8b67-fe2d0dfcb3a1-pTj5my.png","jetpack_sharing_enabled":true,"_links":{"self":[{"href":"https:\/\/livelycity.com\/switzerland\/wp-json\/wp\/v2\/posts\/544666","targetHints":{"allow":["GET"]}}],"collection":[{"href":"https:\/\/livelycity.com\/switzerland\/wp-json\/wp\/v2\/posts"}],"about":[{"href":"https:\/\/livelycity.com\/switzerland\/wp-json\/wp\/v2\/types\/post"}],"replies":[{"embeddable":true,"href":"https:\/\/livelycity.com\/switzerland\/wp-json\/wp\/v2\/comments?post=544666"}],"version-history":[{"count":0,"href":"https:\/\/livelycity.com\/switzerland\/wp-json\/wp\/v2\/posts\/544666\/revisions"}],"wp:featuredmedia":[{"embeddable":true,"href":"https:\/\/livelycity.com\/switzerland\/wp-json\/wp\/v2\/media\/544619"}],"wp:attachment":[{"href":"https:\/\/livelycity.com\/switzerland\/wp-json\/wp\/v2\/media?parent=544666"}],"wp:term":[{"taxonomy":"category","embeddable":true,"href":"https:\/\/livelycity.com\/switzerland\/wp-json\/wp\/v2\/categories?post=544666"},{"taxonomy":"post_tag","embeddable":true,"href":"https:\/\/livelycity.com\/switzerland\/wp-json\/wp\/v2\/tags?post=544666"}],"curies":[{"name":"wp","href":"https:\/\/api.w.org\/{rel}","templated":true}]}}