{"id":544663,"date":"2026-09-01T06:03:08","date_gmt":"2026-09-01T06:03:08","guid":{"rendered":"https:\/\/livelycity.com\/switzerland\/gut-fur-mieter-referenzzinssatz-bleibt-historisch-tief-vorerst\/"},"modified":"2026-09-01T06:03:08","modified_gmt":"2026-09-01T06:03:08","slug":"gut-fur-mieter-referenzzinssatz-bleibt-historisch-tief-vorerst","status":"publish","type":"post","link":"https:\/\/livelycity.com\/switzerland\/gut-fur-mieter-referenzzinssatz-bleibt-historisch-tief-vorerst\/","title":{"rendered":"Gut f\u00fcr Mieter: Referenzzinssatz bleibt historisch tief \u2013 vorerst"},"content":{"rendered":"<p>Der hypothekarische Referenzzinssatz verharrt auf seinem Tiefststand von 1,25 Prozent. Bestehende Mietverh\u00e4ltnisse sind vorerst vor Erh\u00f6hungen gesch\u00fctzt.<\/p>\n<p><a href=\"https:\/\/www.20min.ch\/story\/mietzinsen-gut-fuer-mieter-referenzzinssatz-bleibt-historisch-tief-vorerst-103625556\" target=\"_blank\" class=\"\">https:\/\/www.20min.ch\/story\/mietzinsen-gut-fuer-mieter-referenzzinssatz-bleibt-historisch-tief-vorerst-103625556<\/a>\u00a0<\/p>\n","protected":false},"excerpt":{"rendered":"<p>Der hypothekarische Referenzzinssatz verharrt auf seinem Tiefststand von 1,25 Prozent. Bestehende Mietverh\u00e4ltnisse sind vorerst vor Erh\u00f6hungen gesch\u00fctzt. https:\/\/www.20min.ch\/story\/mietzinsen-gut-fuer-mieter-referenzzinssatz-bleibt-historisch-tief-vorerst-103625556\u00a0<\/p>\n","protected":false},"author":0,"featured_media":544621,"comment_status":"closed","ping_status":"closed","sticky":false,"template":"","format":"standard","meta":{"_jetpack_memberships_contains_paid_content":false,"footnotes":""},"categories":[3],"tags":[],"class_list":["post-544663","post","type-post","status-publish","format-standard","has-post-thumbnail","hentry","category-20-minuten","wpcat-3-id"],"jetpack_featured_media_url":"https:\/\/livelycity.com\/switzerland\/wp-content\/uploads\/2026\/09\/3fbadde8-c130-4edd-9a18-41f79fbe9222-RT9Ac1-scaled.jpg","jetpack_sharing_enabled":true,"_links":{"self":[{"href":"https:\/\/livelycity.com\/switzerland\/wp-json\/wp\/v2\/posts\/544663","targetHints":{"allow":["GET"]}}],"collection":[{"href":"https:\/\/livelycity.com\/switzerland\/wp-json\/wp\/v2\/posts"}],"about":[{"href":"https:\/\/livelycity.com\/switzerland\/wp-json\/wp\/v2\/types\/post"}],"replies":[{"embeddable":true,"href":"https:\/\/livelycity.com\/switzerland\/wp-json\/wp\/v2\/comments?post=544663"}],"version-history":[{"count":0,"href":"https:\/\/livelycity.com\/switzerland\/wp-json\/wp\/v2\/posts\/544663\/revisions"}],"wp:featuredmedia":[{"embeddable":true,"href":"https:\/\/livelycity.com\/switzerland\/wp-json\/wp\/v2\/media\/544621"}],"wp:attachment":[{"href":"https:\/\/livelycity.com\/switzerland\/wp-json\/wp\/v2\/media?parent=544663"}],"wp:term":[{"taxonomy":"category","embeddable":true,"href":"https:\/\/livelycity.com\/switzerland\/wp-json\/wp\/v2\/categories?post=544663"},{"taxonomy":"post_tag","embeddable":true,"href":"https:\/\/livelycity.com\/switzerland\/wp-json\/wp\/v2\/tags?post=544663"}],"curies":[{"name":"wp","href":"https:\/\/api.w.org\/{rel}","templated":true}]}}