{"id":544567,"date":"2026-09-01T03:30:00","date_gmt":"2026-09-01T03:30:00","guid":{"rendered":"https:\/\/livelycity.com\/switzerland\/nach-dem-tod-von-ratko-mladic-serbiens-nationalisten-ehren-den-kriegsverbrecher\/"},"modified":"2026-09-01T03:30:00","modified_gmt":"2026-09-01T03:30:00","slug":"nach-dem-tod-von-ratko-mladic-serbiens-nationalisten-ehren-den-kriegsverbrecher","status":"publish","type":"post","link":"https:\/\/livelycity.com\/switzerland\/nach-dem-tod-von-ratko-mladic-serbiens-nationalisten-ehren-den-kriegsverbrecher\/","title":{"rendered":"Nach dem Tod von Ratko Mladic: Serbiens Nationalisten ehren den Kriegsverbrecher"},"content":{"rendered":"<p>In Serbien wird \u00fcber ein Staatsbegr\u00e4bnis f\u00fcr den verurteilten fr\u00fcheren General diskutiert. Der serbische Pr\u00e4sident Vucic umgeht das Thema. Er weiss: Die EU blickt mit Sorge auf den Umgang der serbischen Nationalisten mit dem Tod von Mladic.<\/p>\n<p><a href=\"https:\/\/www.nzz.ch\/international\/tod-von-ratko-mladic-diskussion-ueber-staatsbegraebnis-in-serbien-ld.10021688\" target=\"_blank\" class=\"\">https:\/\/www.nzz.ch\/international\/tod-von-ratko-mladic-diskussion-ueber-staatsbegraebnis-in-serbien-ld.10021688<\/a>\u00a0<\/p>\n","protected":false},"excerpt":{"rendered":"<p>In Serbien wird \u00fcber ein Staatsbegr\u00e4bnis f\u00fcr den verurteilten fr\u00fcheren General diskutiert. Der serbische Pr\u00e4sident Vucic umgeht das Thema. Er weiss: Die EU blickt mit&#8230;<\/p>\n","protected":false},"author":0,"featured_media":544568,"comment_status":"closed","ping_status":"closed","sticky":false,"template":"","format":"standard","meta":{"_jetpack_memberships_contains_paid_content":false,"footnotes":""},"categories":[6],"tags":[],"class_list":["post-544567","post","type-post","status-publish","format-standard","has-post-thumbnail","hentry","category-neue-zurcher-zeitung","wpcat-6-id"],"jetpack_featured_media_url":"https:\/\/livelycity.com\/switzerland\/wp-content\/uploads\/2026\/09\/c6ef8321-854c-4ee1-8964-7fc53a4e2408-PWJQHQ.jpg","jetpack_sharing_enabled":true,"_links":{"self":[{"href":"https:\/\/livelycity.com\/switzerland\/wp-json\/wp\/v2\/posts\/544567","targetHints":{"allow":["GET"]}}],"collection":[{"href":"https:\/\/livelycity.com\/switzerland\/wp-json\/wp\/v2\/posts"}],"about":[{"href":"https:\/\/livelycity.com\/switzerland\/wp-json\/wp\/v2\/types\/post"}],"replies":[{"embeddable":true,"href":"https:\/\/livelycity.com\/switzerland\/wp-json\/wp\/v2\/comments?post=544567"}],"version-history":[{"count":0,"href":"https:\/\/livelycity.com\/switzerland\/wp-json\/wp\/v2\/posts\/544567\/revisions"}],"wp:featuredmedia":[{"embeddable":true,"href":"https:\/\/livelycity.com\/switzerland\/wp-json\/wp\/v2\/media\/544568"}],"wp:attachment":[{"href":"https:\/\/livelycity.com\/switzerland\/wp-json\/wp\/v2\/media?parent=544567"}],"wp:term":[{"taxonomy":"category","embeddable":true,"href":"https:\/\/livelycity.com\/switzerland\/wp-json\/wp\/v2\/categories?post=544567"},{"taxonomy":"post_tag","embeddable":true,"href":"https:\/\/livelycity.com\/switzerland\/wp-json\/wp\/v2\/tags?post=544567"}],"curies":[{"name":"wp","href":"https:\/\/api.w.org\/{rel}","templated":true}]}}