{"id":544561,"date":"2026-09-01T03:30:00","date_gmt":"2026-09-01T03:30:00","guid":{"rendered":"https:\/\/livelycity.com\/switzerland\/der-standerat-will-die-mammutdebatte-uber-die-neuen-eu-abkommen-in-drei-tagen-abschliessen\/"},"modified":"2026-09-01T03:30:00","modified_gmt":"2026-09-01T03:30:00","slug":"der-standerat-will-die-mammutdebatte-uber-die-neuen-eu-abkommen-in-drei-tagen-abschliessen","status":"publish","type":"post","link":"https:\/\/livelycity.com\/switzerland\/der-standerat-will-die-mammutdebatte-uber-die-neuen-eu-abkommen-in-drei-tagen-abschliessen\/","title":{"rendered":"Der St\u00e4nderat will die Mammutdebatte \u00fcber die neuen EU-Abkommen in drei Tagen abschliessen"},"content":{"rendered":"<p>Eine Nachtsitzung und eine Frage, die alles \u00fcberschattet: Die grosse Kammer entscheidet \u00fcber das Vertragspaket mit der Europ\u00e4ischen Union.<\/p>\n<p><a href=\"https:\/\/www.nzz.ch\/schweiz\/der-staenderat-will-die-mammutdebatte-ueber-die-neuen-eu-abkommen-in-drei-tagen-abschliessen-ld.10021730\" target=\"_blank\" class=\"\">https:\/\/www.nzz.ch\/schweiz\/der-staenderat-will-die-mammutdebatte-ueber-die-neuen-eu-abkommen-in-drei-tagen-abschliessen-ld.10021730<\/a>\u00a0<\/p>\n","protected":false},"excerpt":{"rendered":"<p>Eine Nachtsitzung und eine Frage, die alles \u00fcberschattet: Die grosse Kammer entscheidet \u00fcber das Vertragspaket mit der Europ\u00e4ischen Union. https:\/\/www.nzz.ch\/schweiz\/der-staenderat-will-die-mammutdebatte-ueber-die-neuen-eu-abkommen-in-drei-tagen-abschliessen-ld.10021730\u00a0<\/p>\n","protected":false},"author":0,"featured_media":544562,"comment_status":"closed","ping_status":"closed","sticky":false,"template":"","format":"standard","meta":{"_jetpack_memberships_contains_paid_content":false,"footnotes":""},"categories":[6],"tags":[],"class_list":["post-544561","post","type-post","status-publish","format-standard","has-post-thumbnail","hentry","category-neue-zurcher-zeitung","wpcat-6-id"],"jetpack_featured_media_url":"https:\/\/livelycity.com\/switzerland\/wp-content\/uploads\/2026\/09\/b7bda767-c45f-4bd3-ba07-4c8a59fa3665-rL7JRS.jpg","jetpack_sharing_enabled":true,"_links":{"self":[{"href":"https:\/\/livelycity.com\/switzerland\/wp-json\/wp\/v2\/posts\/544561","targetHints":{"allow":["GET"]}}],"collection":[{"href":"https:\/\/livelycity.com\/switzerland\/wp-json\/wp\/v2\/posts"}],"about":[{"href":"https:\/\/livelycity.com\/switzerland\/wp-json\/wp\/v2\/types\/post"}],"replies":[{"embeddable":true,"href":"https:\/\/livelycity.com\/switzerland\/wp-json\/wp\/v2\/comments?post=544561"}],"version-history":[{"count":0,"href":"https:\/\/livelycity.com\/switzerland\/wp-json\/wp\/v2\/posts\/544561\/revisions"}],"wp:featuredmedia":[{"embeddable":true,"href":"https:\/\/livelycity.com\/switzerland\/wp-json\/wp\/v2\/media\/544562"}],"wp:attachment":[{"href":"https:\/\/livelycity.com\/switzerland\/wp-json\/wp\/v2\/media?parent=544561"}],"wp:term":[{"taxonomy":"category","embeddable":true,"href":"https:\/\/livelycity.com\/switzerland\/wp-json\/wp\/v2\/categories?post=544561"},{"taxonomy":"post_tag","embeddable":true,"href":"https:\/\/livelycity.com\/switzerland\/wp-json\/wp\/v2\/tags?post=544561"}],"curies":[{"name":"wp","href":"https:\/\/api.w.org\/{rel}","templated":true}]}}