{"id":544559,"date":"2026-09-01T03:30:00","date_gmt":"2026-09-01T03:30:00","guid":{"rendered":"https:\/\/livelycity.com\/switzerland\/in-osterreich-steht-die-arbeit-mit-islamistischen-gefahrdern-selbst-unter-extremismusverdacht\/"},"modified":"2026-09-01T03:30:00","modified_gmt":"2026-09-01T03:30:00","slug":"in-osterreich-steht-die-arbeit-mit-islamistischen-gefahrdern-selbst-unter-extremismusverdacht","status":"publish","type":"post","link":"https:\/\/livelycity.com\/switzerland\/in-osterreich-steht-die-arbeit-mit-islamistischen-gefahrdern-selbst-unter-extremismusverdacht\/","title":{"rendered":"In \u00d6sterreich steht die Arbeit mit islamistischen Gef\u00e4hrdern selbst unter Extremismusverdacht"},"content":{"rendered":"<p>Die Regierung k\u00fcndigt einem Verein, der in den Gef\u00e4ngnissen Islamisten deradikalisieren soll. Experten sehen in dem abrupten Vorgehen ein Sicherheitsrisiko.<\/p>\n<p><a href=\"https:\/\/www.nzz.ch\/international\/oesterreichs-staatsschutz-ortet-einfluss-der-muslimbrueder-auf-deradikalisierung-ld.10021735\" target=\"_blank\" class=\"\">https:\/\/www.nzz.ch\/international\/oesterreichs-staatsschutz-ortet-einfluss-der-muslimbrueder-auf-deradikalisierung-ld.10021735<\/a>\u00a0<\/p>\n","protected":false},"excerpt":{"rendered":"<p>Die Regierung k\u00fcndigt einem Verein, der in den Gef\u00e4ngnissen Islamisten deradikalisieren soll. Experten sehen in dem abrupten Vorgehen ein Sicherheitsrisiko. https:\/\/www.nzz.ch\/international\/oesterreichs-staatsschutz-ortet-einfluss-der-muslimbrueder-auf-deradikalisierung-ld.10021735\u00a0<\/p>\n","protected":false},"author":0,"featured_media":544560,"comment_status":"closed","ping_status":"closed","sticky":false,"template":"","format":"standard","meta":{"_jetpack_memberships_contains_paid_content":false,"footnotes":""},"categories":[6],"tags":[],"class_list":["post-544559","post","type-post","status-publish","format-standard","has-post-thumbnail","hentry","category-neue-zurcher-zeitung","wpcat-6-id"],"jetpack_featured_media_url":"https:\/\/livelycity.com\/switzerland\/wp-content\/uploads\/2026\/09\/f9195df4-2b8d-4165-a96a-c0f33b22aace-qqQXfP.jpg","jetpack_sharing_enabled":true,"_links":{"self":[{"href":"https:\/\/livelycity.com\/switzerland\/wp-json\/wp\/v2\/posts\/544559","targetHints":{"allow":["GET"]}}],"collection":[{"href":"https:\/\/livelycity.com\/switzerland\/wp-json\/wp\/v2\/posts"}],"about":[{"href":"https:\/\/livelycity.com\/switzerland\/wp-json\/wp\/v2\/types\/post"}],"replies":[{"embeddable":true,"href":"https:\/\/livelycity.com\/switzerland\/wp-json\/wp\/v2\/comments?post=544559"}],"version-history":[{"count":0,"href":"https:\/\/livelycity.com\/switzerland\/wp-json\/wp\/v2\/posts\/544559\/revisions"}],"wp:featuredmedia":[{"embeddable":true,"href":"https:\/\/livelycity.com\/switzerland\/wp-json\/wp\/v2\/media\/544560"}],"wp:attachment":[{"href":"https:\/\/livelycity.com\/switzerland\/wp-json\/wp\/v2\/media?parent=544559"}],"wp:term":[{"taxonomy":"category","embeddable":true,"href":"https:\/\/livelycity.com\/switzerland\/wp-json\/wp\/v2\/categories?post=544559"},{"taxonomy":"post_tag","embeddable":true,"href":"https:\/\/livelycity.com\/switzerland\/wp-json\/wp\/v2\/tags?post=544559"}],"curies":[{"name":"wp","href":"https:\/\/api.w.org\/{rel}","templated":true}]}}