{"id":544551,"date":"2026-09-01T03:35:00","date_gmt":"2026-09-01T03:35:00","guid":{"rendered":"https:\/\/livelycity.com\/switzerland\/kommentar-realitatsfremde-ernahrungsinitiative-die-schweiz-braucht-keine-zweite-anbauschlacht\/"},"modified":"2026-09-01T03:35:00","modified_gmt":"2026-09-01T03:35:00","slug":"kommentar-realitatsfremde-ernahrungsinitiative-die-schweiz-braucht-keine-zweite-anbauschlacht","status":"publish","type":"post","link":"https:\/\/livelycity.com\/switzerland\/kommentar-realitatsfremde-ernahrungsinitiative-die-schweiz-braucht-keine-zweite-anbauschlacht\/","title":{"rendered":"KOMMENTAR &#8211; Realit\u00e4tsfremde Ern\u00e4hrungsinitiative: Die Schweiz braucht keine zweite Anbauschlacht"},"content":{"rendered":"<p>Die Ern\u00e4hrungsinitiative will die Schweiz mit mehr Eigenproduktion krisenfester machen und daf\u00fcr die Landwirtschaft radikal umbauen. Doch mehr Selbstversorgung um jeden Preis schafft mehr Probleme, als sie l\u00f6st.<\/p>\n<p><a href=\"https:\/\/www.nzz.ch\/meinung\/realitaetsfremde-ernaehrungsinitiative-die-schweiz-braucht-keine-zweite-anbauschlacht-ld.10021451\" target=\"_blank\" class=\"\">https:\/\/www.nzz.ch\/meinung\/realitaetsfremde-ernaehrungsinitiative-die-schweiz-braucht-keine-zweite-anbauschlacht-ld.10021451<\/a>\u00a0<\/p>\n","protected":false},"excerpt":{"rendered":"<p>Die Ern\u00e4hrungsinitiative will die Schweiz mit mehr Eigenproduktion krisenfester machen und daf\u00fcr die Landwirtschaft radikal umbauen. Doch mehr Selbstversorgung um jeden Preis schafft mehr Probleme,&#8230;<\/p>\n","protected":false},"author":0,"featured_media":544552,"comment_status":"closed","ping_status":"closed","sticky":false,"template":"","format":"standard","meta":{"_jetpack_memberships_contains_paid_content":false,"footnotes":""},"categories":[6],"tags":[],"class_list":["post-544551","post","type-post","status-publish","format-standard","has-post-thumbnail","hentry","category-neue-zurcher-zeitung","wpcat-6-id"],"jetpack_featured_media_url":"https:\/\/livelycity.com\/switzerland\/wp-content\/uploads\/2026\/09\/bf368f0f-c8a7-4327-a135-970c3d6800d4-BIrAx9.jpg","jetpack_sharing_enabled":true,"_links":{"self":[{"href":"https:\/\/livelycity.com\/switzerland\/wp-json\/wp\/v2\/posts\/544551","targetHints":{"allow":["GET"]}}],"collection":[{"href":"https:\/\/livelycity.com\/switzerland\/wp-json\/wp\/v2\/posts"}],"about":[{"href":"https:\/\/livelycity.com\/switzerland\/wp-json\/wp\/v2\/types\/post"}],"replies":[{"embeddable":true,"href":"https:\/\/livelycity.com\/switzerland\/wp-json\/wp\/v2\/comments?post=544551"}],"version-history":[{"count":0,"href":"https:\/\/livelycity.com\/switzerland\/wp-json\/wp\/v2\/posts\/544551\/revisions"}],"wp:featuredmedia":[{"embeddable":true,"href":"https:\/\/livelycity.com\/switzerland\/wp-json\/wp\/v2\/media\/544552"}],"wp:attachment":[{"href":"https:\/\/livelycity.com\/switzerland\/wp-json\/wp\/v2\/media?parent=544551"}],"wp:term":[{"taxonomy":"category","embeddable":true,"href":"https:\/\/livelycity.com\/switzerland\/wp-json\/wp\/v2\/categories?post=544551"},{"taxonomy":"post_tag","embeddable":true,"href":"https:\/\/livelycity.com\/switzerland\/wp-json\/wp\/v2\/tags?post=544551"}],"curies":[{"name":"wp","href":"https:\/\/api.w.org\/{rel}","templated":true}]}}