{"id":544519,"date":"2026-09-01T02:14:04","date_gmt":"2026-09-01T02:14:04","guid":{"rendered":"https:\/\/livelycity.com\/switzerland\/messerattacke-am-new-yorker-times-square-frau-ersticht-passantin\/"},"modified":"2026-09-01T02:14:04","modified_gmt":"2026-09-01T02:14:04","slug":"messerattacke-am-new-yorker-times-square-frau-ersticht-passantin","status":"publish","type":"post","link":"https:\/\/livelycity.com\/switzerland\/messerattacke-am-new-yorker-times-square-frau-ersticht-passantin\/","title":{"rendered":"Messerattacke am New Yorker Times Square: Frau ersticht Passantin"},"content":{"rendered":"<p>Eine Frau hat in New Yorker zwei Menschen mit Messern angegriffen und dabei eine 32-J\u00e4hrige t\u00f6dlich verletzt. Laut Polizeiangaben hatte die T\u00e4terin eine \u00abVorgeschichte psychischer Erkrankungen\u00bb.<\/p>\n<p><a href=\"https:\/\/www.nzz.ch\/panorama\/messerattacke-am-new-yorker-times-square-frau-ersticht-passantin-ld.10021849\" target=\"_blank\" class=\"\">https:\/\/www.nzz.ch\/panorama\/messerattacke-am-new-yorker-times-square-frau-ersticht-passantin-ld.10021849<\/a>\u00a0<\/p>\n","protected":false},"excerpt":{"rendered":"<p>Eine Frau hat in New Yorker zwei Menschen mit Messern angegriffen und dabei eine 32-J\u00e4hrige t\u00f6dlich verletzt. Laut Polizeiangaben hatte die T\u00e4terin eine \u00abVorgeschichte psychischer&#8230;<\/p>\n","protected":false},"author":0,"featured_media":544520,"comment_status":"closed","ping_status":"closed","sticky":false,"template":"","format":"standard","meta":{"_jetpack_memberships_contains_paid_content":false,"footnotes":""},"categories":[6],"tags":[],"class_list":["post-544519","post","type-post","status-publish","format-standard","has-post-thumbnail","hentry","category-neue-zurcher-zeitung","wpcat-6-id"],"jetpack_featured_media_url":"https:\/\/livelycity.com\/switzerland\/wp-content\/uploads\/2026\/09\/b8475d7b-9517-4aef-a26b-3ca0ba8cd4bb-VbVMCy.jpg","jetpack_sharing_enabled":true,"_links":{"self":[{"href":"https:\/\/livelycity.com\/switzerland\/wp-json\/wp\/v2\/posts\/544519","targetHints":{"allow":["GET"]}}],"collection":[{"href":"https:\/\/livelycity.com\/switzerland\/wp-json\/wp\/v2\/posts"}],"about":[{"href":"https:\/\/livelycity.com\/switzerland\/wp-json\/wp\/v2\/types\/post"}],"replies":[{"embeddable":true,"href":"https:\/\/livelycity.com\/switzerland\/wp-json\/wp\/v2\/comments?post=544519"}],"version-history":[{"count":0,"href":"https:\/\/livelycity.com\/switzerland\/wp-json\/wp\/v2\/posts\/544519\/revisions"}],"wp:featuredmedia":[{"embeddable":true,"href":"https:\/\/livelycity.com\/switzerland\/wp-json\/wp\/v2\/media\/544520"}],"wp:attachment":[{"href":"https:\/\/livelycity.com\/switzerland\/wp-json\/wp\/v2\/media?parent=544519"}],"wp:term":[{"taxonomy":"category","embeddable":true,"href":"https:\/\/livelycity.com\/switzerland\/wp-json\/wp\/v2\/categories?post=544519"},{"taxonomy":"post_tag","embeddable":true,"href":"https:\/\/livelycity.com\/switzerland\/wp-json\/wp\/v2\/tags?post=544519"}],"curies":[{"name":"wp","href":"https:\/\/api.w.org\/{rel}","templated":true}]}}