{"id":544342,"date":"2026-08-31T18:05:01","date_gmt":"2026-08-31T18:05:01","guid":{"rendered":"https:\/\/livelycity.com\/switzerland\/es-ist-kein-sieg-fur-die-ubs-die-wirtschaftskommission-des-standerates-stellt-sich-beim-eigenkapital-gegen-die-finanzministerin-keller-sutter\/"},"modified":"2026-08-31T18:05:01","modified_gmt":"2026-08-31T18:05:01","slug":"es-ist-kein-sieg-fur-die-ubs-die-wirtschaftskommission-des-standerates-stellt-sich-beim-eigenkapital-gegen-die-finanzministerin-keller-sutter","status":"publish","type":"post","link":"https:\/\/livelycity.com\/switzerland\/es-ist-kein-sieg-fur-die-ubs-die-wirtschaftskommission-des-standerates-stellt-sich-beim-eigenkapital-gegen-die-finanzministerin-keller-sutter\/","title":{"rendered":"\u00abEs ist kein Sieg f\u00fcr die UBS\u00bb: Die Wirtschaftskommission des St\u00e4nderates stellt sich beim Eigenkapital gegen die Finanzministerin Keller-Sutter"},"content":{"rendered":"<p>Nach z\u00e4hen Verhandlungen spricht sich die vorberatende Kommission f\u00fcr eine gr\u00f6ssere Rolle von AT1-Anleihen bei der Kapitalausstattung der UBS aus. Das sind die wichtigsten Eckwerte.<\/p>\n<p><a href=\"https:\/\/www.nzz.ch\/wirtschaft\/es-ist-kein-sieg-fuer-die-ubs-die-wirtschaftskommission-des-staenderates-stellt-sich-beim-eigenkapital-gegen-finanzministerin-keller-sutter-ld.10021737\" target=\"_blank\" class=\"\">https:\/\/www.nzz.ch\/wirtschaft\/es-ist-kein-sieg-fuer-die-ubs-die-wirtschaftskommission-des-staenderates-stellt-sich-beim-eigenkapital-gegen-finanzministerin-keller-sutter-ld.10021737<\/a>\u00a0<\/p>\n","protected":false},"excerpt":{"rendered":"<p>Nach z\u00e4hen Verhandlungen spricht sich die vorberatende Kommission f\u00fcr eine gr\u00f6ssere Rolle von AT1-Anleihen bei der Kapitalausstattung der UBS aus. Das sind die wichtigsten Eckwerte&#8230;.<\/p>\n","protected":false},"author":0,"featured_media":544343,"comment_status":"closed","ping_status":"closed","sticky":false,"template":"","format":"standard","meta":{"_jetpack_memberships_contains_paid_content":false,"footnotes":""},"categories":[6],"tags":[],"class_list":["post-544342","post","type-post","status-publish","format-standard","has-post-thumbnail","hentry","category-neue-zurcher-zeitung","wpcat-6-id"],"jetpack_featured_media_url":"https:\/\/livelycity.com\/switzerland\/wp-content\/uploads\/2026\/08\/c9899018-7faf-40a3-a9e9-5ad96eb52be2-PWReQc.jpg","jetpack_sharing_enabled":true,"_links":{"self":[{"href":"https:\/\/livelycity.com\/switzerland\/wp-json\/wp\/v2\/posts\/544342","targetHints":{"allow":["GET"]}}],"collection":[{"href":"https:\/\/livelycity.com\/switzerland\/wp-json\/wp\/v2\/posts"}],"about":[{"href":"https:\/\/livelycity.com\/switzerland\/wp-json\/wp\/v2\/types\/post"}],"replies":[{"embeddable":true,"href":"https:\/\/livelycity.com\/switzerland\/wp-json\/wp\/v2\/comments?post=544342"}],"version-history":[{"count":0,"href":"https:\/\/livelycity.com\/switzerland\/wp-json\/wp\/v2\/posts\/544342\/revisions"}],"wp:featuredmedia":[{"embeddable":true,"href":"https:\/\/livelycity.com\/switzerland\/wp-json\/wp\/v2\/media\/544343"}],"wp:attachment":[{"href":"https:\/\/livelycity.com\/switzerland\/wp-json\/wp\/v2\/media?parent=544342"}],"wp:term":[{"taxonomy":"category","embeddable":true,"href":"https:\/\/livelycity.com\/switzerland\/wp-json\/wp\/v2\/categories?post=544342"},{"taxonomy":"post_tag","embeddable":true,"href":"https:\/\/livelycity.com\/switzerland\/wp-json\/wp\/v2\/tags?post=544342"}],"curies":[{"name":"wp","href":"https:\/\/api.w.org\/{rel}","templated":true}]}}