{"id":544282,"date":"2026-08-31T16:11:08","date_gmt":"2026-08-31T16:11:08","guid":{"rendered":"https:\/\/livelycity.com\/switzerland\/deutlich-abgemagerter-maduro-meldet-sich-aus-us-gefangnis\/"},"modified":"2026-08-31T16:11:08","modified_gmt":"2026-08-31T16:11:08","slug":"deutlich-abgemagerter-maduro-meldet-sich-aus-us-gefangnis","status":"publish","type":"post","link":"https:\/\/livelycity.com\/switzerland\/deutlich-abgemagerter-maduro-meldet-sich-aus-us-gefangnis\/","title":{"rendered":"Deutlich abgemagerter Maduro meldet sich aus US-Gef\u00e4ngnis"},"content":{"rendered":"<p>Acht Monate nach seiner Festnahme meldet sich der venezolanische Ex-Pr\u00e4sident Maduro aus dem Gef\u00e4ngnis in New York. Sichtlich abgemagert gibt er sich auf Telegram k\u00e4mpferisch.<\/p>\n<p><a href=\"https:\/\/www.20min.ch\/story\/ex-praesident-deutlich-abgemagerter-maduro-meldet-sich-aus-us-gefaengnis-103625396\" target=\"_blank\" class=\"\">https:\/\/www.20min.ch\/story\/ex-praesident-deutlich-abgemagerter-maduro-meldet-sich-aus-us-gefaengnis-103625396<\/a>\u00a0<\/p>\n","protected":false},"excerpt":{"rendered":"<p>Acht Monate nach seiner Festnahme meldet sich der venezolanische Ex-Pr\u00e4sident Maduro aus dem Gef\u00e4ngnis in New York. Sichtlich abgemagert gibt er sich auf Telegram k\u00e4mpferisch&#8230;.<\/p>\n","protected":false},"author":0,"featured_media":544260,"comment_status":"closed","ping_status":"closed","sticky":false,"template":"","format":"standard","meta":{"_jetpack_memberships_contains_paid_content":false,"footnotes":""},"categories":[3],"tags":[],"class_list":["post-544282","post","type-post","status-publish","format-standard","has-post-thumbnail","hentry","category-20-minuten","wpcat-3-id"],"jetpack_featured_media_url":"https:\/\/livelycity.com\/switzerland\/wp-content\/uploads\/2026\/08\/9ce6c6a6-cb53-46f3-9f5e-33e254cbfde4-uyDEGI.jpg","jetpack_sharing_enabled":true,"_links":{"self":[{"href":"https:\/\/livelycity.com\/switzerland\/wp-json\/wp\/v2\/posts\/544282","targetHints":{"allow":["GET"]}}],"collection":[{"href":"https:\/\/livelycity.com\/switzerland\/wp-json\/wp\/v2\/posts"}],"about":[{"href":"https:\/\/livelycity.com\/switzerland\/wp-json\/wp\/v2\/types\/post"}],"replies":[{"embeddable":true,"href":"https:\/\/livelycity.com\/switzerland\/wp-json\/wp\/v2\/comments?post=544282"}],"version-history":[{"count":0,"href":"https:\/\/livelycity.com\/switzerland\/wp-json\/wp\/v2\/posts\/544282\/revisions"}],"wp:featuredmedia":[{"embeddable":true,"href":"https:\/\/livelycity.com\/switzerland\/wp-json\/wp\/v2\/media\/544260"}],"wp:attachment":[{"href":"https:\/\/livelycity.com\/switzerland\/wp-json\/wp\/v2\/media?parent=544282"}],"wp:term":[{"taxonomy":"category","embeddable":true,"href":"https:\/\/livelycity.com\/switzerland\/wp-json\/wp\/v2\/categories?post=544282"},{"taxonomy":"post_tag","embeddable":true,"href":"https:\/\/livelycity.com\/switzerland\/wp-json\/wp\/v2\/tags?post=544282"}],"curies":[{"name":"wp","href":"https:\/\/api.w.org\/{rel}","templated":true}]}}