{"id":544251,"date":"2026-08-31T15:12:04","date_gmt":"2026-08-31T15:12:04","guid":{"rendered":"https:\/\/livelycity.com\/switzerland\/ein-tater-gefasst-sein-motiv-weiterhin-unklar-und-das-sicherheitsgefuhl-leidet-wie-der-stadtprasident-von-aarau-sagt\/"},"modified":"2026-08-31T15:12:04","modified_gmt":"2026-08-31T15:12:04","slug":"ein-tater-gefasst-sein-motiv-weiterhin-unklar-und-das-sicherheitsgefuhl-leidet-wie-der-stadtprasident-von-aarau-sagt","status":"publish","type":"post","link":"https:\/\/livelycity.com\/switzerland\/ein-tater-gefasst-sein-motiv-weiterhin-unklar-und-das-sicherheitsgefuhl-leidet-wie-der-stadtprasident-von-aarau-sagt\/","title":{"rendered":"Ein T\u00e4ter gefasst, sein Motiv weiterhin unklar \u2013 und das \u00abSicherheitsgef\u00fchl leidet\u00bb, wie der Stadtpr\u00e4sident von Aarau sagt"},"content":{"rendered":"<p>Am zweiten Tag nach der Schiesserei auf dem Schachenareal gibt es weiterhin keine definitive Gewissheit. Die Stadt pr\u00fcft, wie sich Anl\u00e4sse der kommenden Tage besser sch\u00fctzen lassen.<\/p>\n<p><a href=\"https:\/\/www.nzz.ch\/schweiz\/ein-taeter-gefasst-sein-motiv-weiterhin-unklar-und-das-sicherheitsgefuehl-leidet-wie-der-stadtpraesident-von-aarau-sagt-ld.10021749\" target=\"_blank\" class=\"\">https:\/\/www.nzz.ch\/schweiz\/ein-taeter-gefasst-sein-motiv-weiterhin-unklar-und-das-sicherheitsgefuehl-leidet-wie-der-stadtpraesident-von-aarau-sagt-ld.10021749<\/a>\u00a0<\/p>\n","protected":false},"excerpt":{"rendered":"<p>Am zweiten Tag nach der Schiesserei auf dem Schachenareal gibt es weiterhin keine definitive Gewissheit. Die Stadt pr\u00fcft, wie sich Anl\u00e4sse der kommenden Tage besser&#8230;<\/p>\n","protected":false},"author":0,"featured_media":544252,"comment_status":"closed","ping_status":"closed","sticky":false,"template":"","format":"standard","meta":{"_jetpack_memberships_contains_paid_content":false,"footnotes":""},"categories":[6],"tags":[],"class_list":["post-544251","post","type-post","status-publish","format-standard","has-post-thumbnail","hentry","category-neue-zurcher-zeitung","wpcat-6-id"],"jetpack_featured_media_url":"https:\/\/livelycity.com\/switzerland\/wp-content\/uploads\/2026\/08\/28d27e9f-8ba7-436f-a846-831eb902011f-MskD9Z.jpg","jetpack_sharing_enabled":true,"_links":{"self":[{"href":"https:\/\/livelycity.com\/switzerland\/wp-json\/wp\/v2\/posts\/544251","targetHints":{"allow":["GET"]}}],"collection":[{"href":"https:\/\/livelycity.com\/switzerland\/wp-json\/wp\/v2\/posts"}],"about":[{"href":"https:\/\/livelycity.com\/switzerland\/wp-json\/wp\/v2\/types\/post"}],"replies":[{"embeddable":true,"href":"https:\/\/livelycity.com\/switzerland\/wp-json\/wp\/v2\/comments?post=544251"}],"version-history":[{"count":0,"href":"https:\/\/livelycity.com\/switzerland\/wp-json\/wp\/v2\/posts\/544251\/revisions"}],"wp:featuredmedia":[{"embeddable":true,"href":"https:\/\/livelycity.com\/switzerland\/wp-json\/wp\/v2\/media\/544252"}],"wp:attachment":[{"href":"https:\/\/livelycity.com\/switzerland\/wp-json\/wp\/v2\/media?parent=544251"}],"wp:term":[{"taxonomy":"category","embeddable":true,"href":"https:\/\/livelycity.com\/switzerland\/wp-json\/wp\/v2\/categories?post=544251"},{"taxonomy":"post_tag","embeddable":true,"href":"https:\/\/livelycity.com\/switzerland\/wp-json\/wp\/v2\/tags?post=544251"}],"curies":[{"name":"wp","href":"https:\/\/api.w.org\/{rel}","templated":true}]}}