{"id":544249,"date":"2026-08-31T15:14:07","date_gmt":"2026-08-31T15:14:07","guid":{"rendered":"https:\/\/livelycity.com\/switzerland\/kommentar-vontobel-wegzug-ist-ein-warnsignal-die-zurcher-uberheblichkeit-gefahrdet-den-eigenen-standort\/"},"modified":"2026-08-31T15:14:07","modified_gmt":"2026-08-31T15:14:07","slug":"kommentar-vontobel-wegzug-ist-ein-warnsignal-die-zurcher-uberheblichkeit-gefahrdet-den-eigenen-standort","status":"publish","type":"post","link":"https:\/\/livelycity.com\/switzerland\/kommentar-vontobel-wegzug-ist-ein-warnsignal-die-zurcher-uberheblichkeit-gefahrdet-den-eigenen-standort\/","title":{"rendered":"KOMMENTAR &#8211; Vontobel-Wegzug ist ein Warnsignal: Die Z\u00fcrcher \u00dcberheblichkeit gef\u00e4hrdet den eigenen Standort"},"content":{"rendered":"<p>Der Abgang der Vorzeige-Bank muss Z\u00fcrich wachr\u00fctteln. Das Unbehagen vieler Firmen w\u00e4chst: Ohne bessere Rahmenbedingungen erodiert die wirtschaftliche Attraktivit\u00e4t von Stadt und Kanton weiter.<\/p>\n<p><a href=\"https:\/\/www.nzz.ch\/meinung\/vontobel-wegzug-ist-ein-warnsignal-die-zuercher-ueberheblichkeit-gefaehrdet-den-eigenen-standort-ld.10021774\" target=\"_blank\" class=\"\">https:\/\/www.nzz.ch\/meinung\/vontobel-wegzug-ist-ein-warnsignal-die-zuercher-ueberheblichkeit-gefaehrdet-den-eigenen-standort-ld.10021774<\/a>\u00a0<\/p>\n","protected":false},"excerpt":{"rendered":"<p>Der Abgang der Vorzeige-Bank muss Z\u00fcrich wachr\u00fctteln. Das Unbehagen vieler Firmen w\u00e4chst: Ohne bessere Rahmenbedingungen erodiert die wirtschaftliche Attraktivit\u00e4t von Stadt und Kanton weiter. https:\/\/www.nzz.ch\/meinung\/vontobel-wegzug-ist-ein-warnsignal-die-zuercher-ueberheblichkeit-gefaehrdet-den-eigenen-standort-ld.10021774\u00a0<\/p>\n","protected":false},"author":0,"featured_media":544250,"comment_status":"closed","ping_status":"closed","sticky":false,"template":"","format":"standard","meta":{"_jetpack_memberships_contains_paid_content":false,"footnotes":""},"categories":[6],"tags":[],"class_list":["post-544249","post","type-post","status-publish","format-standard","has-post-thumbnail","hentry","category-neue-zurcher-zeitung","wpcat-6-id"],"jetpack_featured_media_url":"https:\/\/livelycity.com\/switzerland\/wp-content\/uploads\/2026\/08\/daeca8cf-82be-4be4-8662-5974cb832a66-CAbuIE.jpg","jetpack_sharing_enabled":true,"_links":{"self":[{"href":"https:\/\/livelycity.com\/switzerland\/wp-json\/wp\/v2\/posts\/544249","targetHints":{"allow":["GET"]}}],"collection":[{"href":"https:\/\/livelycity.com\/switzerland\/wp-json\/wp\/v2\/posts"}],"about":[{"href":"https:\/\/livelycity.com\/switzerland\/wp-json\/wp\/v2\/types\/post"}],"replies":[{"embeddable":true,"href":"https:\/\/livelycity.com\/switzerland\/wp-json\/wp\/v2\/comments?post=544249"}],"version-history":[{"count":0,"href":"https:\/\/livelycity.com\/switzerland\/wp-json\/wp\/v2\/posts\/544249\/revisions"}],"wp:featuredmedia":[{"embeddable":true,"href":"https:\/\/livelycity.com\/switzerland\/wp-json\/wp\/v2\/media\/544250"}],"wp:attachment":[{"href":"https:\/\/livelycity.com\/switzerland\/wp-json\/wp\/v2\/media?parent=544249"}],"wp:term":[{"taxonomy":"category","embeddable":true,"href":"https:\/\/livelycity.com\/switzerland\/wp-json\/wp\/v2\/categories?post=544249"},{"taxonomy":"post_tag","embeddable":true,"href":"https:\/\/livelycity.com\/switzerland\/wp-json\/wp\/v2\/tags?post=544249"}],"curies":[{"name":"wp","href":"https:\/\/api.w.org\/{rel}","templated":true}]}}