{"id":544247,"date":"2026-08-31T15:42:02","date_gmt":"2026-08-31T15:42:02","guid":{"rendered":"https:\/\/livelycity.com\/switzerland\/kommentar-die-schande-vom-lindenhof-die-zurcher-sicherheitsvorsteherin-karin-rykart-hatte-die-besetzung-des-historischen-platzes-durch-linksextreme-beenden-mussen\/"},"modified":"2026-08-31T15:42:02","modified_gmt":"2026-08-31T15:42:02","slug":"kommentar-die-schande-vom-lindenhof-die-zurcher-sicherheitsvorsteherin-karin-rykart-hatte-die-besetzung-des-historischen-platzes-durch-linksextreme-beenden-mussen","status":"publish","type":"post","link":"https:\/\/livelycity.com\/switzerland\/kommentar-die-schande-vom-lindenhof-die-zurcher-sicherheitsvorsteherin-karin-rykart-hatte-die-besetzung-des-historischen-platzes-durch-linksextreme-beenden-mussen\/","title":{"rendered":"KOMMENTAR &#8211; Die Schande vom Lindenhof: Die Z\u00fcrcher Sicherheitsvorsteherin Karin Rykart h\u00e4tte die Besetzung des historischen Platzes durch Linksextreme beenden m\u00fcssen"},"content":{"rendered":"<p>Bei KMU setzt die Stadt Regeln durch, linken Aktivisten l\u00e4sst sie freie Hand. Das darf nicht sein. Basel macht vor, wie es anders ginge.<\/p>\n<p><a href=\"https:\/\/www.nzz.ch\/meinung\/die-schande-vom-lindenhof-die-zuercher-sicherheitsvorsteherin-karin-rykart-haette-die-besetzung-des-historischen-platzes-durch-linksextreme-beenden-muessen-ld.10021746\" target=\"_blank\" class=\"\">https:\/\/www.nzz.ch\/meinung\/die-schande-vom-lindenhof-die-zuercher-sicherheitsvorsteherin-karin-rykart-haette-die-besetzung-des-historischen-platzes-durch-linksextreme-beenden-muessen-ld.10021746<\/a>\u00a0<\/p>\n","protected":false},"excerpt":{"rendered":"<p>Bei KMU setzt die Stadt Regeln durch, linken Aktivisten l\u00e4sst sie freie Hand. Das darf nicht sein. Basel macht vor, wie es anders ginge. https:\/\/www.nzz.ch\/meinung\/die-schande-vom-lindenhof-die-zuercher-sicherheitsvorsteherin-karin-rykart-haette-die-besetzung-des-historischen-platzes-durch-linksextreme-beenden-muessen-ld.10021746\u00a0<\/p>\n","protected":false},"author":0,"featured_media":544248,"comment_status":"closed","ping_status":"closed","sticky":false,"template":"","format":"standard","meta":{"_jetpack_memberships_contains_paid_content":false,"footnotes":""},"categories":[6],"tags":[],"class_list":["post-544247","post","type-post","status-publish","format-standard","has-post-thumbnail","hentry","category-neue-zurcher-zeitung","wpcat-6-id"],"jetpack_featured_media_url":"https:\/\/livelycity.com\/switzerland\/wp-content\/uploads\/2026\/08\/1e2a9de2-1691-40ea-baa8-0678c5399388-BiaTpN.jpg","jetpack_sharing_enabled":true,"_links":{"self":[{"href":"https:\/\/livelycity.com\/switzerland\/wp-json\/wp\/v2\/posts\/544247","targetHints":{"allow":["GET"]}}],"collection":[{"href":"https:\/\/livelycity.com\/switzerland\/wp-json\/wp\/v2\/posts"}],"about":[{"href":"https:\/\/livelycity.com\/switzerland\/wp-json\/wp\/v2\/types\/post"}],"replies":[{"embeddable":true,"href":"https:\/\/livelycity.com\/switzerland\/wp-json\/wp\/v2\/comments?post=544247"}],"version-history":[{"count":0,"href":"https:\/\/livelycity.com\/switzerland\/wp-json\/wp\/v2\/posts\/544247\/revisions"}],"wp:featuredmedia":[{"embeddable":true,"href":"https:\/\/livelycity.com\/switzerland\/wp-json\/wp\/v2\/media\/544248"}],"wp:attachment":[{"href":"https:\/\/livelycity.com\/switzerland\/wp-json\/wp\/v2\/media?parent=544247"}],"wp:term":[{"taxonomy":"category","embeddable":true,"href":"https:\/\/livelycity.com\/switzerland\/wp-json\/wp\/v2\/categories?post=544247"},{"taxonomy":"post_tag","embeddable":true,"href":"https:\/\/livelycity.com\/switzerland\/wp-json\/wp\/v2\/tags?post=544247"}],"curies":[{"name":"wp","href":"https:\/\/api.w.org\/{rel}","templated":true}]}}