{"id":544245,"date":"2026-08-31T16:13:43","date_gmt":"2026-08-31T16:13:43","guid":{"rendered":"https:\/\/livelycity.com\/switzerland\/der-andere-blick-die-privilegien-der-beamten-sind-nicht-mehr-zeitgemass-deutschland-muss-umdenken\/"},"modified":"2026-08-31T16:13:43","modified_gmt":"2026-08-31T16:13:43","slug":"der-andere-blick-die-privilegien-der-beamten-sind-nicht-mehr-zeitgemass-deutschland-muss-umdenken","status":"publish","type":"post","link":"https:\/\/livelycity.com\/switzerland\/der-andere-blick-die-privilegien-der-beamten-sind-nicht-mehr-zeitgemass-deutschland-muss-umdenken\/","title":{"rendered":"DER ANDERE BLICK &#8211; Die Privilegien der Beamten sind nicht mehr zeitgem\u00e4ss \u2013 Deutschland muss umdenken"},"content":{"rendered":"<p>Der Beamtenstatus kostet den deutschen Staat Milliarden \u2013 und wurde vom Verfassungsgericht noch einmal betoniert. Ein aktueller Fall zeigt die Schieflage. H\u00f6chste Zeit, die Verbeamtung auf das zu beschr\u00e4nken, wof\u00fcr sie geschaffen wurde.<\/p>\n<p><a href=\"https:\/\/www.nzz.ch\/der-andere-blick\/die-privilegien-der-beamten-sind-nicht-mehr-zeitgemaess-deutschland-muss-umdenken-ld.10021816\" target=\"_blank\" class=\"\">https:\/\/www.nzz.ch\/der-andere-blick\/die-privilegien-der-beamten-sind-nicht-mehr-zeitgemaess-deutschland-muss-umdenken-ld.10021816<\/a>\u00a0<\/p>\n","protected":false},"excerpt":{"rendered":"<p>Der Beamtenstatus kostet den deutschen Staat Milliarden \u2013 und wurde vom Verfassungsgericht noch einmal betoniert. Ein aktueller Fall zeigt die Schieflage. H\u00f6chste Zeit, die Verbeamtung&#8230;<\/p>\n","protected":false},"author":0,"featured_media":544246,"comment_status":"closed","ping_status":"closed","sticky":false,"template":"","format":"standard","meta":{"_jetpack_memberships_contains_paid_content":false,"footnotes":""},"categories":[6],"tags":[],"class_list":["post-544245","post","type-post","status-publish","format-standard","has-post-thumbnail","hentry","category-neue-zurcher-zeitung","wpcat-6-id"],"jetpack_featured_media_url":"https:\/\/livelycity.com\/switzerland\/wp-content\/uploads\/2026\/08\/4c52459d-4c5c-4ca2-9f5a-11dff91748d4-hXKKXQ.jpg","jetpack_sharing_enabled":true,"_links":{"self":[{"href":"https:\/\/livelycity.com\/switzerland\/wp-json\/wp\/v2\/posts\/544245","targetHints":{"allow":["GET"]}}],"collection":[{"href":"https:\/\/livelycity.com\/switzerland\/wp-json\/wp\/v2\/posts"}],"about":[{"href":"https:\/\/livelycity.com\/switzerland\/wp-json\/wp\/v2\/types\/post"}],"replies":[{"embeddable":true,"href":"https:\/\/livelycity.com\/switzerland\/wp-json\/wp\/v2\/comments?post=544245"}],"version-history":[{"count":0,"href":"https:\/\/livelycity.com\/switzerland\/wp-json\/wp\/v2\/posts\/544245\/revisions"}],"wp:featuredmedia":[{"embeddable":true,"href":"https:\/\/livelycity.com\/switzerland\/wp-json\/wp\/v2\/media\/544246"}],"wp:attachment":[{"href":"https:\/\/livelycity.com\/switzerland\/wp-json\/wp\/v2\/media?parent=544245"}],"wp:term":[{"taxonomy":"category","embeddable":true,"href":"https:\/\/livelycity.com\/switzerland\/wp-json\/wp\/v2\/categories?post=544245"},{"taxonomy":"post_tag","embeddable":true,"href":"https:\/\/livelycity.com\/switzerland\/wp-json\/wp\/v2\/tags?post=544245"}],"curies":[{"name":"wp","href":"https:\/\/api.w.org\/{rel}","templated":true}]}}