{"id":544172,"date":"2026-08-31T13:48:29","date_gmt":"2026-08-31T13:48:29","guid":{"rendered":"https:\/\/livelycity.com\/switzerland\/noch-900-arbeiter-von-wasserkraftwerken-in-nepal-vermisst-rettungskrafte-suchen-in-tunneln-nach-uberlebenden\/"},"modified":"2026-08-31T13:48:29","modified_gmt":"2026-08-31T13:48:29","slug":"noch-900-arbeiter-von-wasserkraftwerken-in-nepal-vermisst-rettungskrafte-suchen-in-tunneln-nach-uberlebenden","status":"publish","type":"post","link":"https:\/\/livelycity.com\/switzerland\/noch-900-arbeiter-von-wasserkraftwerken-in-nepal-vermisst-rettungskrafte-suchen-in-tunneln-nach-uberlebenden\/","title":{"rendered":"Noch 900 Arbeiter von Wasserkraftwerken in Nepal vermisst \u2013 Rettungskr\u00e4fte suchen in Tunneln nach \u00dcberlebenden"},"content":{"rendered":"<p>Die verheerende Sturzflut in dem Himalaja-Tal hat mehrere Staud\u00e4mme zerst\u00f6rt und unterirdische Kraftwerke geflutet. F\u00fcr die Regierung von Balen Shah ist die Krise eine ernste Bew\u00e4hrungsprobe.<\/p>\n<p><a href=\"https:\/\/www.nzz.ch\/international\/noch-900-arbeiter-von-wasserkraftwerken-in-nepal-vermisst-rettungskraefte-suchen-in-tunneln-nach-ueberlebenden-ld.10021692\" target=\"_blank\" class=\"\">https:\/\/www.nzz.ch\/international\/noch-900-arbeiter-von-wasserkraftwerken-in-nepal-vermisst-rettungskraefte-suchen-in-tunneln-nach-ueberlebenden-ld.10021692<\/a>\u00a0<\/p>\n","protected":false},"excerpt":{"rendered":"<p>Die verheerende Sturzflut in dem Himalaja-Tal hat mehrere Staud\u00e4mme zerst\u00f6rt und unterirdische Kraftwerke geflutet. F\u00fcr die Regierung von Balen Shah ist die Krise eine ernste&#8230;<\/p>\n","protected":false},"author":0,"featured_media":544173,"comment_status":"closed","ping_status":"closed","sticky":false,"template":"","format":"standard","meta":{"_jetpack_memberships_contains_paid_content":false,"footnotes":""},"categories":[6],"tags":[],"class_list":["post-544172","post","type-post","status-publish","format-standard","has-post-thumbnail","hentry","category-neue-zurcher-zeitung","wpcat-6-id"],"jetpack_featured_media_url":"https:\/\/livelycity.com\/switzerland\/wp-content\/uploads\/2026\/08\/dd1e3ca7-85c8-4bb3-b077-763c0925ba93-4KVF50.jpg","jetpack_sharing_enabled":true,"_links":{"self":[{"href":"https:\/\/livelycity.com\/switzerland\/wp-json\/wp\/v2\/posts\/544172","targetHints":{"allow":["GET"]}}],"collection":[{"href":"https:\/\/livelycity.com\/switzerland\/wp-json\/wp\/v2\/posts"}],"about":[{"href":"https:\/\/livelycity.com\/switzerland\/wp-json\/wp\/v2\/types\/post"}],"replies":[{"embeddable":true,"href":"https:\/\/livelycity.com\/switzerland\/wp-json\/wp\/v2\/comments?post=544172"}],"version-history":[{"count":0,"href":"https:\/\/livelycity.com\/switzerland\/wp-json\/wp\/v2\/posts\/544172\/revisions"}],"wp:featuredmedia":[{"embeddable":true,"href":"https:\/\/livelycity.com\/switzerland\/wp-json\/wp\/v2\/media\/544173"}],"wp:attachment":[{"href":"https:\/\/livelycity.com\/switzerland\/wp-json\/wp\/v2\/media?parent=544172"}],"wp:term":[{"taxonomy":"category","embeddable":true,"href":"https:\/\/livelycity.com\/switzerland\/wp-json\/wp\/v2\/categories?post=544172"},{"taxonomy":"post_tag","embeddable":true,"href":"https:\/\/livelycity.com\/switzerland\/wp-json\/wp\/v2\/tags?post=544172"}],"curies":[{"name":"wp","href":"https:\/\/api.w.org\/{rel}","templated":true}]}}