{"id":544115,"date":"2026-08-31T09:00:02","date_gmt":"2026-08-31T09:00:02","guid":{"rendered":"https:\/\/livelycity.com\/switzerland\/gehe-nicht-mehr-an-orte-die-gefahrlich-sein-konnten\/"},"modified":"2026-08-31T09:00:02","modified_gmt":"2026-08-31T09:00:02","slug":"gehe-nicht-mehr-an-orte-die-gefahrlich-sein-konnten","status":"publish","type":"post","link":"https:\/\/livelycity.com\/switzerland\/gehe-nicht-mehr-an-orte-die-gefahrlich-sein-konnten\/","title":{"rendered":"\u00abGehe nicht mehr an Orte, die gef\u00e4hrlich sein k\u00f6nnten\u00bb"},"content":{"rendered":"<p>Eine 22-J\u00e4hrige stirbt nach Sch\u00fcssen am Aarauer Rave. Wie geht es der Bev\u00f6lkerung nach den Ereignissen? Viele Aarauer und Aarauerinnen sind ver\u00e4ngstigt.<\/p>\n<p><a href=\"https:\/\/www.20min.ch\/story\/aarau-die-angst-ist-spuerbar-das-sagen-anwohner-nach-den-schuessen-103625176\" target=\"_blank\" class=\"\">https:\/\/www.20min.ch\/story\/aarau-die-angst-ist-spuerbar-das-sagen-anwohner-nach-den-schuessen-103625176<\/a>\u00a0<\/p>\n","protected":false},"excerpt":{"rendered":"<p>Eine 22-J\u00e4hrige stirbt nach Sch\u00fcssen am Aarauer Rave. Wie geht es der Bev\u00f6lkerung nach den Ereignissen? Viele Aarauer und Aarauerinnen sind ver\u00e4ngstigt. https:\/\/www.20min.ch\/story\/aarau-die-angst-ist-spuerbar-das-sagen-anwohner-nach-den-schuessen-103625176\u00a0<\/p>\n","protected":false},"author":0,"featured_media":544061,"comment_status":"closed","ping_status":"closed","sticky":false,"template":"","format":"standard","meta":{"_jetpack_memberships_contains_paid_content":false,"footnotes":""},"categories":[3],"tags":[],"class_list":["post-544115","post","type-post","status-publish","format-standard","has-post-thumbnail","hentry","category-20-minuten","wpcat-3-id"],"jetpack_featured_media_url":"https:\/\/livelycity.com\/switzerland\/wp-content\/uploads\/2026\/08\/5d5758a1-3c7d-4cab-a7e4-9e5938a59de3-anjree-scaled.jpg","jetpack_sharing_enabled":true,"_links":{"self":[{"href":"https:\/\/livelycity.com\/switzerland\/wp-json\/wp\/v2\/posts\/544115","targetHints":{"allow":["GET"]}}],"collection":[{"href":"https:\/\/livelycity.com\/switzerland\/wp-json\/wp\/v2\/posts"}],"about":[{"href":"https:\/\/livelycity.com\/switzerland\/wp-json\/wp\/v2\/types\/post"}],"replies":[{"embeddable":true,"href":"https:\/\/livelycity.com\/switzerland\/wp-json\/wp\/v2\/comments?post=544115"}],"version-history":[{"count":0,"href":"https:\/\/livelycity.com\/switzerland\/wp-json\/wp\/v2\/posts\/544115\/revisions"}],"wp:featuredmedia":[{"embeddable":true,"href":"https:\/\/livelycity.com\/switzerland\/wp-json\/wp\/v2\/media\/544061"}],"wp:attachment":[{"href":"https:\/\/livelycity.com\/switzerland\/wp-json\/wp\/v2\/media?parent=544115"}],"wp:term":[{"taxonomy":"category","embeddable":true,"href":"https:\/\/livelycity.com\/switzerland\/wp-json\/wp\/v2\/categories?post=544115"},{"taxonomy":"post_tag","embeddable":true,"href":"https:\/\/livelycity.com\/switzerland\/wp-json\/wp\/v2\/tags?post=544115"}],"curies":[{"name":"wp","href":"https:\/\/api.w.org\/{rel}","templated":true}]}}