{"id":544088,"date":"2026-08-31T08:15:54","date_gmt":"2026-08-31T08:15:54","guid":{"rendered":"https:\/\/livelycity.com\/switzerland\/es-ist-der-richtige-moment-silvan-widmer-tritt-aus-nati-zuruck\/"},"modified":"2026-08-31T08:15:54","modified_gmt":"2026-08-31T08:15:54","slug":"es-ist-der-richtige-moment-silvan-widmer-tritt-aus-nati-zuruck","status":"publish","type":"post","link":"https:\/\/livelycity.com\/switzerland\/es-ist-der-richtige-moment-silvan-widmer-tritt-aus-nati-zuruck\/","title":{"rendered":"\u00abEs ist der richtige Moment\u00bb: Silvan Widmer tritt aus Nati zur\u00fcck"},"content":{"rendered":"<p>Silvan Widmer h\u00e4ngt das Nati-Trikot an den Nagel. Der Verteidiger tritt per sofort aus dem Nationalteam zur\u00fcck.<\/p>\n<p><a href=\"https:\/\/www.20min.ch\/story\/mit-33-jahren-dem-koerper-pausen-goennen-silvan-widmer-tritt-aus-nati-zurueck-103625165\" target=\"_blank\" class=\"\">https:\/\/www.20min.ch\/story\/mit-33-jahren-dem-koerper-pausen-goennen-silvan-widmer-tritt-aus-nati-zurueck-103625165<\/a>\u00a0<\/p>\n","protected":false},"excerpt":{"rendered":"<p>Silvan Widmer h\u00e4ngt das Nati-Trikot an den Nagel. Der Verteidiger tritt per sofort aus dem Nationalteam zur\u00fcck. https:\/\/www.20min.ch\/story\/mit-33-jahren-dem-koerper-pausen-goennen-silvan-widmer-tritt-aus-nati-zurueck-103625165\u00a0<\/p>\n","protected":false},"author":0,"featured_media":544067,"comment_status":"closed","ping_status":"closed","sticky":false,"template":"","format":"standard","meta":{"_jetpack_memberships_contains_paid_content":false,"footnotes":""},"categories":[3],"tags":[],"class_list":["post-544088","post","type-post","status-publish","format-standard","has-post-thumbnail","hentry","category-20-minuten","wpcat-3-id"],"jetpack_featured_media_url":"https:\/\/livelycity.com\/switzerland\/wp-content\/uploads\/2026\/08\/981c042c-45c7-4588-a85f-f9f5a0ff7eaa-ENBjpj-scaled.jpg","jetpack_sharing_enabled":true,"_links":{"self":[{"href":"https:\/\/livelycity.com\/switzerland\/wp-json\/wp\/v2\/posts\/544088","targetHints":{"allow":["GET"]}}],"collection":[{"href":"https:\/\/livelycity.com\/switzerland\/wp-json\/wp\/v2\/posts"}],"about":[{"href":"https:\/\/livelycity.com\/switzerland\/wp-json\/wp\/v2\/types\/post"}],"replies":[{"embeddable":true,"href":"https:\/\/livelycity.com\/switzerland\/wp-json\/wp\/v2\/comments?post=544088"}],"version-history":[{"count":0,"href":"https:\/\/livelycity.com\/switzerland\/wp-json\/wp\/v2\/posts\/544088\/revisions"}],"wp:featuredmedia":[{"embeddable":true,"href":"https:\/\/livelycity.com\/switzerland\/wp-json\/wp\/v2\/media\/544067"}],"wp:attachment":[{"href":"https:\/\/livelycity.com\/switzerland\/wp-json\/wp\/v2\/media?parent=544088"}],"wp:term":[{"taxonomy":"category","embeddable":true,"href":"https:\/\/livelycity.com\/switzerland\/wp-json\/wp\/v2\/categories?post=544088"},{"taxonomy":"post_tag","embeddable":true,"href":"https:\/\/livelycity.com\/switzerland\/wp-json\/wp\/v2\/tags?post=544088"}],"curies":[{"name":"wp","href":"https:\/\/api.w.org\/{rel}","templated":true}]}}