{"id":544054,"date":"2026-08-31T10:04:23","date_gmt":"2026-08-31T10:04:23","guid":{"rendered":"https:\/\/livelycity.com\/switzerland\/der-chip-krieg-erreicht-die-logistikbranche-kuhne-nagel-nimmt-nach-ermittlungen-der-us-strafbehorden-asiatische-tochter-unter-die-lupe\/"},"modified":"2026-08-31T10:04:23","modified_gmt":"2026-08-31T10:04:23","slug":"der-chip-krieg-erreicht-die-logistikbranche-kuhne-nagel-nimmt-nach-ermittlungen-der-us-strafbehorden-asiatische-tochter-unter-die-lupe","status":"publish","type":"post","link":"https:\/\/livelycity.com\/switzerland\/der-chip-krieg-erreicht-die-logistikbranche-kuhne-nagel-nimmt-nach-ermittlungen-der-us-strafbehorden-asiatische-tochter-unter-die-lupe\/","title":{"rendered":"Der Chip-Krieg erreicht die Logistikbranche: K\u00fchne + Nagel nimmt nach Ermittlungen der US-Strafbeh\u00f6rden asiatische Tochter unter die Lupe"},"content":{"rendered":"<p>Der Export der meisten KI-Halbleiter von Nvidia nach China ist verboten. Schmugglern er\u00f6ffnet sich dadurch ein Milliardengesch\u00e4ft. Logistikfirmen m\u00fcssen genau schauen, mit wem sie zusammenarbeiten.<\/p>\n<p><a href=\"https:\/\/www.nzz.ch\/wirtschaft\/kuehne-nagel-und-nvidia-transport-chip-krieg-erreicht-logistikbranche-ld.10021434\" target=\"_blank\" class=\"\">https:\/\/www.nzz.ch\/wirtschaft\/kuehne-nagel-und-nvidia-transport-chip-krieg-erreicht-logistikbranche-ld.10021434<\/a>\u00a0<\/p>\n","protected":false},"excerpt":{"rendered":"<p>Der Export der meisten KI-Halbleiter von Nvidia nach China ist verboten. Schmugglern er\u00f6ffnet sich dadurch ein Milliardengesch\u00e4ft. Logistikfirmen m\u00fcssen genau schauen, mit wem sie zusammenarbeiten&#8230;.<\/p>\n","protected":false},"author":0,"featured_media":544055,"comment_status":"closed","ping_status":"closed","sticky":false,"template":"","format":"standard","meta":{"_jetpack_memberships_contains_paid_content":false,"footnotes":""},"categories":[6],"tags":[],"class_list":["post-544054","post","type-post","status-publish","format-standard","has-post-thumbnail","hentry","category-neue-zurcher-zeitung","wpcat-6-id"],"jetpack_featured_media_url":"https:\/\/livelycity.com\/switzerland\/wp-content\/uploads\/2026\/08\/a4c9eaef-0e59-4975-a08c-d969c28f0e30-jTFSuH.jpg","jetpack_sharing_enabled":true,"_links":{"self":[{"href":"https:\/\/livelycity.com\/switzerland\/wp-json\/wp\/v2\/posts\/544054","targetHints":{"allow":["GET"]}}],"collection":[{"href":"https:\/\/livelycity.com\/switzerland\/wp-json\/wp\/v2\/posts"}],"about":[{"href":"https:\/\/livelycity.com\/switzerland\/wp-json\/wp\/v2\/types\/post"}],"replies":[{"embeddable":true,"href":"https:\/\/livelycity.com\/switzerland\/wp-json\/wp\/v2\/comments?post=544054"}],"version-history":[{"count":0,"href":"https:\/\/livelycity.com\/switzerland\/wp-json\/wp\/v2\/posts\/544054\/revisions"}],"wp:featuredmedia":[{"embeddable":true,"href":"https:\/\/livelycity.com\/switzerland\/wp-json\/wp\/v2\/media\/544055"}],"wp:attachment":[{"href":"https:\/\/livelycity.com\/switzerland\/wp-json\/wp\/v2\/media?parent=544054"}],"wp:term":[{"taxonomy":"category","embeddable":true,"href":"https:\/\/livelycity.com\/switzerland\/wp-json\/wp\/v2\/categories?post=544054"},{"taxonomy":"post_tag","embeddable":true,"href":"https:\/\/livelycity.com\/switzerland\/wp-json\/wp\/v2\/tags?post=544054"}],"curies":[{"name":"wp","href":"https:\/\/api.w.org\/{rel}","templated":true}]}}