{"id":544047,"date":"2026-08-31T02:50:39","date_gmt":"2026-08-31T02:50:39","guid":{"rendered":"https:\/\/livelycity.com\/switzerland\/waren-wir-einen-tag-fruher-dran-gewesen-hatte-es-uns-erwischt\/"},"modified":"2026-08-31T02:50:39","modified_gmt":"2026-08-31T02:50:39","slug":"waren-wir-einen-tag-fruher-dran-gewesen-hatte-es-uns-erwischt","status":"publish","type":"post","link":"https:\/\/livelycity.com\/switzerland\/waren-wir-einen-tag-fruher-dran-gewesen-hatte-es-uns-erwischt\/","title":{"rendered":"\u00abW\u00e4ren wir einen Tag fr\u00fcher dran gewesen, h\u00e4tte es uns erwischt\u00bb"},"content":{"rendered":"<p>13 Schweizerinnen und Schweizer waren im Himalaya unterwegs, als die Sturzflut einen Grenz\u00fcbergang zwischen Tibet und Nepal traf. Sie waren nur etwa 15 Kilometer davon entfernt. Zwei Reisende erz\u00e4hlen, wie sie die Ereignisse erlebt haben.<\/p>\n<p><a href=\"https:\/\/www.20min.ch\/story\/schweizer-reisegruppe-waeren-wir-einen-tag-frueher-dran-gewesen-haette-es-uns-erwischt-103624614\" target=\"_blank\" class=\"\">https:\/\/www.20min.ch\/story\/schweizer-reisegruppe-waeren-wir-einen-tag-frueher-dran-gewesen-haette-es-uns-erwischt-103624614<\/a>\u00a0<\/p>\n","protected":false},"excerpt":{"rendered":"<p>13 Schweizerinnen und Schweizer waren im Himalaya unterwegs, als die Sturzflut einen Grenz\u00fcbergang zwischen Tibet und Nepal traf. Sie waren nur etwa 15 Kilometer davon&#8230;<\/p>\n","protected":false},"author":0,"featured_media":543884,"comment_status":"closed","ping_status":"closed","sticky":false,"template":"","format":"standard","meta":{"_jetpack_memberships_contains_paid_content":false,"footnotes":""},"categories":[3],"tags":[],"class_list":["post-544047","post","type-post","status-publish","format-standard","has-post-thumbnail","hentry","category-20-minuten","wpcat-3-id"],"jetpack_featured_media_url":"https:\/\/livelycity.com\/switzerland\/wp-content\/uploads\/2026\/08\/0c9cc8a8-d5af-49c8-ab33-db039c241379-NpIA7V.jpg","jetpack_sharing_enabled":true,"_links":{"self":[{"href":"https:\/\/livelycity.com\/switzerland\/wp-json\/wp\/v2\/posts\/544047","targetHints":{"allow":["GET"]}}],"collection":[{"href":"https:\/\/livelycity.com\/switzerland\/wp-json\/wp\/v2\/posts"}],"about":[{"href":"https:\/\/livelycity.com\/switzerland\/wp-json\/wp\/v2\/types\/post"}],"replies":[{"embeddable":true,"href":"https:\/\/livelycity.com\/switzerland\/wp-json\/wp\/v2\/comments?post=544047"}],"version-history":[{"count":0,"href":"https:\/\/livelycity.com\/switzerland\/wp-json\/wp\/v2\/posts\/544047\/revisions"}],"wp:featuredmedia":[{"embeddable":true,"href":"https:\/\/livelycity.com\/switzerland\/wp-json\/wp\/v2\/media\/543884"}],"wp:attachment":[{"href":"https:\/\/livelycity.com\/switzerland\/wp-json\/wp\/v2\/media?parent=544047"}],"wp:term":[{"taxonomy":"category","embeddable":true,"href":"https:\/\/livelycity.com\/switzerland\/wp-json\/wp\/v2\/categories?post=544047"},{"taxonomy":"post_tag","embeddable":true,"href":"https:\/\/livelycity.com\/switzerland\/wp-json\/wp\/v2\/tags?post=544047"}],"curies":[{"name":"wp","href":"https:\/\/api.w.org\/{rel}","templated":true}]}}